{"id":689,"date":"2026-04-23T22:50:41","date_gmt":"2026-04-23T22:50:41","guid":{"rendered":"https:\/\/RadarTamaulipas.info\/?p=689"},"modified":"2026-04-23T22:50:42","modified_gmt":"2026-04-23T22:50:42","slug":"presidente-de-la-sociedad-de-alumnos-del-tec-victoria-rechaza-fraude-denuncia-amenazas-y-senala-a-la-direccion","status":"publish","type":"post","link":"https:\/\/RadarTamaulipas.info\/?p=689","title":{"rendered":"Presidente de la Sociedad de Alumnos del Tec Victoria rechaza fraude; denuncia amenazas y se\u00f1ala a la Direcci\u00f3n"},"content":{"rendered":"\n<figure class=\"wp-block-gallery has-nested-images columns-default is-cropped wp-block-gallery-1 is-layout-flex wp-block-gallery-is-layout-flex\">\n<figure class=\"wp-block-image size-large\"><img loading=\"lazy\" decoding=\"async\" width=\"1024\" height=\"556\" data-id=\"690\" src=\"https:\/\/radartamaulipas.info\/wp-content\/uploads\/2026\/04\/IMG-20260423-WA0038-1024x556.jpg\" alt=\"\" class=\"wp-image-690\" srcset=\"https:\/\/radartamaulipas.info\/wp-content\/uploads\/2026\/04\/IMG-20260423-WA0038-1024x556.jpg 1024w, https:\/\/radartamaulipas.info\/wp-content\/uploads\/2026\/04\/IMG-20260423-WA0038-300x163.jpg 300w, https:\/\/radartamaulipas.info\/wp-content\/uploads\/2026\/04\/IMG-20260423-WA0038-768x417.jpg 768w, https:\/\/radartamaulipas.info\/wp-content\/uploads\/2026\/04\/IMG-20260423-WA0038.jpg 1279w\" sizes=\"auto, (max-width: 1024px) 100vw, 1024px\" \/><\/figure>\n\n\n\n<figure class=\"wp-block-image size-large\"><img loading=\"lazy\" decoding=\"async\" width=\"1024\" height=\"558\" data-id=\"691\" src=\"https:\/\/radartamaulipas.info\/wp-content\/uploads\/2026\/04\/IMG-20260423-WA0037-1024x558.jpg\" alt=\"\" class=\"wp-image-691\" srcset=\"https:\/\/radartamaulipas.info\/wp-content\/uploads\/2026\/04\/IMG-20260423-WA0037-1024x558.jpg 1024w, https:\/\/radartamaulipas.info\/wp-content\/uploads\/2026\/04\/IMG-20260423-WA0037-300x163.jpg 300w, https:\/\/radartamaulipas.info\/wp-content\/uploads\/2026\/04\/IMG-20260423-WA0037-768x419.jpg 768w, https:\/\/radartamaulipas.info\/wp-content\/uploads\/2026\/04\/IMG-20260423-WA0037.jpg 1279w\" sizes=\"auto, (max-width: 1024px) 100vw, 1024px\" \/><\/figure>\n\n\n\n<figure class=\"wp-block-image size-large\"><img loading=\"lazy\" decoding=\"async\" width=\"1024\" height=\"550\" data-id=\"692\" src=\"https:\/\/radartamaulipas.info\/wp-content\/uploads\/2026\/04\/IMG-20260423-WA0036-1024x550.jpg\" alt=\"\" class=\"wp-image-692\" srcset=\"https:\/\/radartamaulipas.info\/wp-content\/uploads\/2026\/04\/IMG-20260423-WA0036-1024x550.jpg 1024w, https:\/\/radartamaulipas.info\/wp-content\/uploads\/2026\/04\/IMG-20260423-WA0036-300x161.jpg 300w, https:\/\/radartamaulipas.info\/wp-content\/uploads\/2026\/04\/IMG-20260423-WA0036-768x413.jpg 768w, https:\/\/radartamaulipas.info\/wp-content\/uploads\/2026\/04\/IMG-20260423-WA0036.jpg 1279w\" sizes=\"auto, (max-width: 1024px) 100vw, 1024px\" \/><\/figure>\n<\/figure>\n\n\n\n<p>Por:  Alfredo Uvalle <\/p>\n\n\n\n<p>Diego Orlando Pacheco Santiago, presidente de la sociedad de alumnos del Instituto Tecnol\u00f3gico de Ciudad Victoria, desminti\u00f3 categ\u00f3ricamente las acusaciones de fraude en su contra relacionadas con el otorgamiento de descuentos en las reinscripciones. El dirigente estudiantil asegur\u00f3 que estas se\u00f1alaciones forman parte de una estrategia para manchar su imagen y el trabajo realizado en favor de la comunidad estudiantil.<\/p>\n\n\n\n<p>Deslindan responsabilidad en descuentosPacheco Santiago explic\u00f3 que la sociedad de alumnos \u00fanicamente se encarga de entregar una lista con los nombres de los estudiantes propuestos para recibir el beneficio. Sin embargo, aclar\u00f3 que la facultad de autorizar y aplicar dichos descuentos recae exclusivamente en la Direcci\u00f3n y la Subdirecci\u00f3n de Planeaci\u00f3n y Vinculaci\u00f3n del plantel.<\/p>\n\n\n\n<p>Respecto a las irregularidades detectadas, se\u00f1al\u00f3 que se registraron descuentos que se aplicaron \u00aben mayor medida\u00bb y que, bajo instrucciones recibidas, esa diferencia se destin\u00f3 al manejo operativo de la sociedad de alumnos, cubriendo gastos de movilizaci\u00f3n y eventos propios de la vida estudiantil. \u00abYo no aplico esos descuentos, yo solo env\u00edo una lista y ellos los aplican\u00bb, enfatiz\u00f3.<\/p>\n\n\n\n<p>Ruptura de di\u00e1logo con la Direcci\u00f3nSobre la relaci\u00f3n con la directiva del plantel, Diego Pacheco inform\u00f3 que, tras un largo periodo de ausencia, la directora intent\u00f3 entablar un di\u00e1logo recientemente, el cual fue rechazado por considerarlo extempor\u00e1neo. El l\u00edder estudiantil afirm\u00f3 que la comunicaci\u00f3n con la direcci\u00f3n local est\u00e1 agotada y que ahora buscar\u00e1n tratar los asuntos directamente con la Direcci\u00f3n Jur\u00eddica del Instituto Tecnol\u00f3gico a nivel nacional.<\/p>\n\n\n\n<p>Relat\u00f3 adem\u00e1s que, durante el conflicto, la directora regres\u00f3 acompa\u00f1ada de un notario p\u00fablico para solicitar la salida de un autob\u00fas destinado a una pr\u00e1ctica de campo de estudiantes de Ingenier\u00eda Civil. Pacheco se\u00f1al\u00f3 que accedieron a la petici\u00f3n para no afectar las actividades acad\u00e9micas de sus compa\u00f1eros.<\/p>\n\n\n\n<p>Denuncia amenazas y solicita seguridadFinalmente, el representante estudiantil denunci\u00f3 haber recibido amenazas de violencia f\u00edsica por parte de alumnos presuntamente vinculados a la direcci\u00f3n del instituto. Seg\u00fan sus declaraciones, ha recibido mensajes donde advierten que \u00abreventar\u00e1n los candados\u00bb, da\u00f1ar\u00e1n mobiliario y lo agredir\u00e1n f\u00edsicamente.<\/p>\n\n\n\n<p>Ante el temor por su integridad f\u00edsica y la de sus compa\u00f1eros, solicit\u00f3 el apoyo de la Guardia Estatal. \u00abComenzamos a escribir mensajes diciendo que me iban a amarrar y a golpear&#8230; pienso que eran amenazas vac\u00edas para afectar nuestro movimiento, pero no podemos ignorarlas\u00bb, concluy\u00f3.<\/p>\n","protected":false},"excerpt":{"rendered":"<p>Por: Alfredo Uvalle Diego Orlando Pacheco Santiago, presidente de la sociedad de alumnos del Instituto Tecnol\u00f3gico de Ciudad<\/p>\n","protected":false},"author":1,"featured_media":0,"comment_status":"open","ping_status":"open","sticky":false,"template":"","format":"standard","meta":{"footnotes":""},"categories":[1],"tags":[],"class_list":["post-689","post","type-post","status-publish","format-standard","hentry","category-tamaulipas"],"_links":{"self":[{"href":"https:\/\/RadarTamaulipas.info\/index.php?rest_route=\/wp\/v2\/posts\/689","targetHints":{"allow":["GET"]}}],"collection":[{"href":"https:\/\/RadarTamaulipas.info\/index.php?rest_route=\/wp\/v2\/posts"}],"about":[{"href":"https:\/\/RadarTamaulipas.info\/index.php?rest_route=\/wp\/v2\/types\/post"}],"author":[{"embeddable":true,"href":"https:\/\/RadarTamaulipas.info\/index.php?rest_route=\/wp\/v2\/users\/1"}],"replies":[{"embeddable":true,"href":"https:\/\/RadarTamaulipas.info\/index.php?rest_route=%2Fwp%2Fv2%2Fcomments&post=689"}],"version-history":[{"count":1,"href":"https:\/\/RadarTamaulipas.info\/index.php?rest_route=\/wp\/v2\/posts\/689\/revisions"}],"predecessor-version":[{"id":693,"href":"https:\/\/RadarTamaulipas.info\/index.php?rest_route=\/wp\/v2\/posts\/689\/revisions\/693"}],"wp:attachment":[{"href":"https:\/\/RadarTamaulipas.info\/index.php?rest_route=%2Fwp%2Fv2%2Fmedia&parent=689"}],"wp:term":[{"taxonomy":"category","embeddable":true,"href":"https:\/\/RadarTamaulipas.info\/index.php?rest_route=%2Fwp%2Fv2%2Fcategories&post=689"},{"taxonomy":"post_tag","embeddable":true,"href":"https:\/\/RadarTamaulipas.info\/index.php?rest_route=%2Fwp%2Fv2%2Ftags&post=689"}],"curies":[{"name":"wp","href":"https:\/\/api.w.org\/{rel}","templated":true}]}}