{"id":694,"date":"2026-04-24T21:45:26","date_gmt":"2026-04-24T21:45:26","guid":{"rendered":"https:\/\/RadarTamaulipas.info\/?p=694"},"modified":"2026-04-24T21:45:28","modified_gmt":"2026-04-24T21:45:28","slug":"entrega-americo-villarreal-mas-de-80-mdp-para-fortalecer-la-grandeza-ganadera-de-tamaulipas","status":"publish","type":"post","link":"https:\/\/RadarTamaulipas.info\/?p=694","title":{"rendered":"Entrega Am\u00e9rico Villarreal m\u00e1s de 80 mdp para fortalecer la grandeza ganadera de Tamaulipas"},"content":{"rendered":"\n<figure class=\"wp-block-gallery has-nested-images columns-default is-cropped wp-block-gallery-1 is-layout-flex wp-block-gallery-is-layout-flex\">\n<figure class=\"wp-block-image size-large\"><img loading=\"lazy\" decoding=\"async\" width=\"846\" height=\"421\" data-id=\"695\" src=\"https:\/\/radartamaulipas.info\/wp-content\/uploads\/2026\/04\/IMG-20260424-WA0017.jpg\" alt=\"\" class=\"wp-image-695\" srcset=\"https:\/\/radartamaulipas.info\/wp-content\/uploads\/2026\/04\/IMG-20260424-WA0017.jpg 846w, https:\/\/radartamaulipas.info\/wp-content\/uploads\/2026\/04\/IMG-20260424-WA0017-300x149.jpg 300w, https:\/\/radartamaulipas.info\/wp-content\/uploads\/2026\/04\/IMG-20260424-WA0017-768x382.jpg 768w\" sizes=\"auto, (max-width: 846px) 100vw, 846px\" \/><\/figure>\n\n\n\n<figure class=\"wp-block-image size-large\"><img loading=\"lazy\" decoding=\"async\" width=\"1024\" height=\"517\" data-id=\"696\" src=\"https:\/\/radartamaulipas.info\/wp-content\/uploads\/2026\/04\/IMG-20260424-WA0016-1024x517.jpg\" alt=\"\" class=\"wp-image-696\" srcset=\"https:\/\/radartamaulipas.info\/wp-content\/uploads\/2026\/04\/IMG-20260424-WA0016-1024x517.jpg 1024w, https:\/\/radartamaulipas.info\/wp-content\/uploads\/2026\/04\/IMG-20260424-WA0016-300x151.jpg 300w, https:\/\/radartamaulipas.info\/wp-content\/uploads\/2026\/04\/IMG-20260424-WA0016-768x387.jpg 768w, https:\/\/radartamaulipas.info\/wp-content\/uploads\/2026\/04\/IMG-20260424-WA0016.jpg 1243w\" sizes=\"auto, (max-width: 1024px) 100vw, 1024px\" \/><\/figure>\n\n\n\n<figure class=\"wp-block-image size-large\"><img loading=\"lazy\" decoding=\"async\" width=\"1024\" height=\"637\" data-id=\"697\" src=\"https:\/\/radartamaulipas.info\/wp-content\/uploads\/2026\/04\/IMG-20260424-WA0015-1024x637.jpg\" alt=\"\" class=\"wp-image-697\" srcset=\"https:\/\/radartamaulipas.info\/wp-content\/uploads\/2026\/04\/IMG-20260424-WA0015-1024x637.jpg 1024w, https:\/\/radartamaulipas.info\/wp-content\/uploads\/2026\/04\/IMG-20260424-WA0015-300x187.jpg 300w, https:\/\/radartamaulipas.info\/wp-content\/uploads\/2026\/04\/IMG-20260424-WA0015-768x478.jpg 768w, https:\/\/radartamaulipas.info\/wp-content\/uploads\/2026\/04\/IMG-20260424-WA0015.jpg 1143w\" sizes=\"auto, (max-width: 1024px) 100vw, 1024px\" \/><\/figure>\n<\/figure>\n\n\n\n<p>Por:  Alfredo Uvalle <\/p>\n\n\n\n<p>Con el firme compromiso de recuperar la esencia productiva y el liderazgo ganadero del estado, el gobernador Am\u00e9rico Villarreal Anaya entreg\u00f3 apoyos por un total de 80 millones 772 mil pesos al sector pecuario, destinados a sanidad, mejoramiento gen\u00e9tico y combate a contingencias sanitarias como el gusano barrenador. <\/p>\n\n\n\n<p>Durante la 89\u00aa Asamblea General Ordinaria de la Uni\u00f3n Ganadera Regional de Tamaulipas (UGRT), celebrada en el Polyforum de Ciudad Victoria, el mandatario estatal destac\u00f3 que estos recursos no son solo una inversi\u00f3n econ\u00f3mica, sino una apuesta por la identidad y el bienestar de las familias tamaulipecas.<\/p>\n\n\n\n<p>Inversi\u00f3n estrat\u00e9gica para el campoEl paquete de recursos entregado por el Ejecutivo Estatal se distribuye en programas clave para la competitividad del sector:<\/p>\n\n\n\n<p>Sanidad Animal: Campa\u00f1as contra la tuberculosis bovina y control de la mosca del gusano barrenador.Infraestructura: Inicio de operaciones de la subasta en la zona norte (Reynosa).Sustentabilidad: 10 millones de pesos para el aprovechamiento de recursos naturales y extensionismo pecuario.Mejoramiento Gen\u00e9tico: Impulso a la calidad del hato tamaulipeco.<\/p>\n\n\n\n<p>En su mensaje, Villarreal Anaya subray\u00f3 que su administraci\u00f3n se rige bajo el principio del humanismo, buscando que la prosperidad llegue directamente a los productores primarios.<\/p>\n\n\n\n<p>\u00abEl Gobierno del Estado no puede solo ante los retos; necesitamos una participaci\u00f3n solidaria y comprometida. Somos una sociedad colaborativa donde todos compartimos una misma historia y cultura\u00bb, afirm\u00f3 el gobernador, quien record\u00f3 con nostalgia sus vivencias en el rancho junto a su padre, enfrentando retos similares a los actuales.<\/p>\n\n\n\n<p>El mandatario hizo un llamado a los ganaderos a \u00abromper paradigmas\u00bb ante los retos de los mercados internacionales y la volatilidad de precios marcados por la Bolsa de Chicago. Para combatir el intermediarismo, destac\u00f3 la creaci\u00f3n del primer rastro TIF en la Universidad Aut\u00f3noma de Tamaulipas (UAT), donde los productores pueden sacrificar, empacar y comercializar bajo la marca \u00abCarne Tam\u00bb, asegurando que la ganancia se quede en manos de quien trabaja la tierra.<\/p>\n\n\n\n<p>Finalmente, el Gobernador resalt\u00f3 la recuperaci\u00f3n de la confianza y la paz en el campo tamaulipeco:<\/p>\n\n\n\n<p>\u00abNo seamos de corta memoria; recordemos c\u00f3mo est\u00e1bamos hace cuatro o seis a\u00f1os. Hoy tenemos una condici\u00f3n distinta en seguridad que nos permite volver a nuestros ranchos, trabajarlos y ver crecer nuestro ganado con tranquilidad\u00bb, se\u00f1al\u00f3. <\/p>\n\n\n\n<p>Por su parte, la dirigencia de la UGRT, encabezada por Jos\u00e9 Guerrero Gamboa, agradeci\u00f3 el respaldo del Gobierno Estatal, reafirmando la alianza para mantener a Tamaulipas como un referente nacional en calidad ganadera.<\/p>\n","protected":false},"excerpt":{"rendered":"<p>Por: Alfredo Uvalle Con el firme compromiso de recuperar la esencia productiva y el liderazgo ganadero del estado,<\/p>\n","protected":false},"author":1,"featured_media":0,"comment_status":"open","ping_status":"open","sticky":false,"template":"","format":"standard","meta":{"footnotes":""},"categories":[1],"tags":[],"class_list":["post-694","post","type-post","status-publish","format-standard","hentry","category-tamaulipas"],"_links":{"self":[{"href":"https:\/\/RadarTamaulipas.info\/index.php?rest_route=\/wp\/v2\/posts\/694","targetHints":{"allow":["GET"]}}],"collection":[{"href":"https:\/\/RadarTamaulipas.info\/index.php?rest_route=\/wp\/v2\/posts"}],"about":[{"href":"https:\/\/RadarTamaulipas.info\/index.php?rest_route=\/wp\/v2\/types\/post"}],"author":[{"embeddable":true,"href":"https:\/\/RadarTamaulipas.info\/index.php?rest_route=\/wp\/v2\/users\/1"}],"replies":[{"embeddable":true,"href":"https:\/\/RadarTamaulipas.info\/index.php?rest_route=%2Fwp%2Fv2%2Fcomments&post=694"}],"version-history":[{"count":1,"href":"https:\/\/RadarTamaulipas.info\/index.php?rest_route=\/wp\/v2\/posts\/694\/revisions"}],"predecessor-version":[{"id":698,"href":"https:\/\/RadarTamaulipas.info\/index.php?rest_route=\/wp\/v2\/posts\/694\/revisions\/698"}],"wp:attachment":[{"href":"https:\/\/RadarTamaulipas.info\/index.php?rest_route=%2Fwp%2Fv2%2Fmedia&parent=694"}],"wp:term":[{"taxonomy":"category","embeddable":true,"href":"https:\/\/RadarTamaulipas.info\/index.php?rest_route=%2Fwp%2Fv2%2Fcategories&post=694"},{"taxonomy":"post_tag","embeddable":true,"href":"https:\/\/RadarTamaulipas.info\/index.php?rest_route=%2Fwp%2Fv2%2Ftags&post=694"}],"curies":[{"name":"wp","href":"https:\/\/api.w.org\/{rel}","templated":true}]}}