{"id":699,"date":"2026-04-24T21:49:12","date_gmt":"2026-04-24T21:49:12","guid":{"rendered":"https:\/\/RadarTamaulipas.info\/?p=699"},"modified":"2026-04-24T21:49:13","modified_gmt":"2026-04-24T21:49:13","slug":"reconoce-senasica-liderazgo-de-tamaulipas-en-sanidad-animal-y-anuncia-refuerzos-contra-el-gusano-barrenador","status":"publish","type":"post","link":"https:\/\/RadarTamaulipas.info\/?p=699","title":{"rendered":"Reconoce SENASICA liderazgo de Tamaulipas en sanidad animal y anuncia refuerzos contra el gusano barrenador"},"content":{"rendered":"\n<figure class=\"wp-block-image size-large\"><img loading=\"lazy\" decoding=\"async\" width=\"1024\" height=\"570\" src=\"https:\/\/radartamaulipas.info\/wp-content\/uploads\/2026\/04\/IMG-20260424-WA0018-1024x570.jpg\" alt=\"\" class=\"wp-image-700\" srcset=\"https:\/\/radartamaulipas.info\/wp-content\/uploads\/2026\/04\/IMG-20260424-WA0018-1024x570.jpg 1024w, https:\/\/radartamaulipas.info\/wp-content\/uploads\/2026\/04\/IMG-20260424-WA0018-300x167.jpg 300w, https:\/\/radartamaulipas.info\/wp-content\/uploads\/2026\/04\/IMG-20260424-WA0018-768x428.jpg 768w, https:\/\/radartamaulipas.info\/wp-content\/uploads\/2026\/04\/IMG-20260424-WA0018.jpg 1279w\" sizes=\"auto, (max-width: 1024px) 100vw, 1024px\" \/><\/figure>\n\n\n\n<p>Por:  Alfredo Uvalle <\/p>\n\n\n\n<p>Durante su participaci\u00f3n en la 89\u00aa Asamblea de la Uni\u00f3n Ganadera Regional de Tamaulipas (UGRT), el Director en Jefe del Servicio Nacional de Sanidad, Inocuidad y Calidad Alimentaria (SENASICA), Francisco Javier Calder\u00f3n Elizalde, calific\u00f3 a Tamaulipas como un estado estrat\u00e9gico para la seguridad alimentaria de M\u00e9xico y refrend\u00f3 el apoyo total de la federaci\u00f3n para proteger el patrimonio de las familias productoras.<\/p>\n\n\n\n<p>Calder\u00f3n Elizalde destac\u00f3 que Tamaulipas aporta el 3.1% del Producto Interno Bruto (PIB) nacional y mostr\u00f3 un crecimiento del 2.5% en el \u00faltimo a\u00f1o. Subray\u00f3 que las actividades agropecuarias representan m\u00e1s del 90% del PIB primario estatal, lo que obliga a mantener una vigilancia sanitaria estrecha para proteger los mercados nacionales e internacionales.<\/p>\n\n\n\n<p>El titular de SENASICA extendi\u00f3 un amplio reconocimiento a todos los eslabones de la cadena: desde ganaderos, m\u00e9dicos veterinarios y t\u00e9cnicos, hasta transportistas y comercializadores.<\/p>\n\n\n\n<p>De manera especial, reconoci\u00f3 el compromiso del gobernador Am\u00e9rico Villarreal Anaya y del secretario de Desarrollo Rural, Antonio Varela Flores, cuya gesti\u00f3n ha sido fundamental para enfrentar retos sanitarios con oportunidad y liderazgo. \u00abTamaulipas tiene capacidad operativa y una coordinaci\u00f3n institucional plena; eso marca la diferencia ante las crisis\u00bb, se\u00f1al\u00f3.<\/p>\n\n\n\n<p>Combate al Gusano Barrenador: \u00abSe est\u00e1 trabajando bien\u00bbAl abordar la emergencia por el gusano barrenador, el funcionario inform\u00f3 que en el estado se han registrado 249 casos positivos y 114 activos. Fue enf\u00e1tico al aclarar que el incremento de casos no se debe a una falta de eficiencia en las estrategias actuales, sino a una limitante estructural en la disponibilidad de moscas est\u00e9riles a nivel regional.<\/p>\n\n\n\n<p>\u00abDe no haberse implementado acciones coordinadas entre productores y autoridades, la dispersi\u00f3n de la plaga ser\u00eda considerablemente mayor. Se est\u00e1 trabajando, y se est\u00e1 trabajando bien\u00bb, asegur\u00f3.<\/p>\n\n\n\n<p>Como respuesta estrat\u00e9gica, Calder\u00f3n Elizalde anunci\u00f3 la pr\u00f3xima inauguraci\u00f3n de una nueva planta de producci\u00f3n de moscas est\u00e9riles en Catazaj\u00e1, Chiapas. Este proyecto permitir\u00e1 ampliar el control biol\u00f3gico en el pa\u00eds.<\/p>\n\n\n\n<p>\u00abCon toda seguridad, una gran parte de esa producci\u00f3n ser\u00e1 destinada a reforzar las acciones en Tamaulipas, para fortalecer la contenci\u00f3n y avanzar hacia la erradicaci\u00f3n de la plaga\u00bb, se\u00f1al\u00f3. <\/p>\n\n\n\n<p>Finalmente, el Director de SENASICA valid\u00f3 el plan de trabajo de la UGRT, que busca no solo mejorar la infraestructura y el mercado nacional, sino concretar la reapertura del mercado estadounidense. Reitero que el Gobierno Federal es un aliado permanente en esta alianza p\u00fablico-privada para garantizar que la ganader\u00eda tamaulipeca siga siendo un orgullo y un pilar del desarrollo de M\u00e9xico.<\/p>\n","protected":false},"excerpt":{"rendered":"<p>Por: Alfredo Uvalle Durante su participaci\u00f3n en la 89\u00aa Asamblea de la Uni\u00f3n Ganadera Regional de Tamaulipas (UGRT),<\/p>\n","protected":false},"author":1,"featured_media":0,"comment_status":"open","ping_status":"open","sticky":false,"template":"","format":"standard","meta":{"footnotes":""},"categories":[1],"tags":[],"class_list":["post-699","post","type-post","status-publish","format-standard","hentry","category-tamaulipas"],"_links":{"self":[{"href":"https:\/\/RadarTamaulipas.info\/index.php?rest_route=\/wp\/v2\/posts\/699","targetHints":{"allow":["GET"]}}],"collection":[{"href":"https:\/\/RadarTamaulipas.info\/index.php?rest_route=\/wp\/v2\/posts"}],"about":[{"href":"https:\/\/RadarTamaulipas.info\/index.php?rest_route=\/wp\/v2\/types\/post"}],"author":[{"embeddable":true,"href":"https:\/\/RadarTamaulipas.info\/index.php?rest_route=\/wp\/v2\/users\/1"}],"replies":[{"embeddable":true,"href":"https:\/\/RadarTamaulipas.info\/index.php?rest_route=%2Fwp%2Fv2%2Fcomments&post=699"}],"version-history":[{"count":1,"href":"https:\/\/RadarTamaulipas.info\/index.php?rest_route=\/wp\/v2\/posts\/699\/revisions"}],"predecessor-version":[{"id":701,"href":"https:\/\/RadarTamaulipas.info\/index.php?rest_route=\/wp\/v2\/posts\/699\/revisions\/701"}],"wp:attachment":[{"href":"https:\/\/RadarTamaulipas.info\/index.php?rest_route=%2Fwp%2Fv2%2Fmedia&parent=699"}],"wp:term":[{"taxonomy":"category","embeddable":true,"href":"https:\/\/RadarTamaulipas.info\/index.php?rest_route=%2Fwp%2Fv2%2Fcategories&post=699"},{"taxonomy":"post_tag","embeddable":true,"href":"https:\/\/RadarTamaulipas.info\/index.php?rest_route=%2Fwp%2Fv2%2Ftags&post=699"}],"curies":[{"name":"wp","href":"https:\/\/api.w.org\/{rel}","templated":true}]}}