{"id":702,"date":"2026-04-24T21:52:25","date_gmt":"2026-04-24T21:52:25","guid":{"rendered":"https:\/\/RadarTamaulipas.info\/?p=702"},"modified":"2026-04-24T21:52:26","modified_gmt":"2026-04-24T21:52:26","slug":"fgjet-supervisa-areas-de-solucion-de-controversias","status":"publish","type":"post","link":"https:\/\/RadarTamaulipas.info\/?p=702","title":{"rendered":"FGJET supervisa \u00e1reas de soluci\u00f3n de controversias"},"content":{"rendered":"\n<figure class=\"wp-block-image size-full\"><img loading=\"lazy\" decoding=\"async\" width=\"910\" height=\"639\" src=\"https:\/\/radartamaulipas.info\/wp-content\/uploads\/2026\/04\/IMG-20260424-WA0019.jpg\" alt=\"\" class=\"wp-image-703\" srcset=\"https:\/\/radartamaulipas.info\/wp-content\/uploads\/2026\/04\/IMG-20260424-WA0019.jpg 910w, https:\/\/radartamaulipas.info\/wp-content\/uploads\/2026\/04\/IMG-20260424-WA0019-300x211.jpg 300w, https:\/\/radartamaulipas.info\/wp-content\/uploads\/2026\/04\/IMG-20260424-WA0019-768x539.jpg 768w\" sizes=\"auto, (max-width: 910px) 100vw, 910px\" \/><\/figure>\n\n\n\n<p>La Fiscal\u00eda General de Justicia del Estado de Tamaulipas informa que, por instrucciones del Fiscal General, Jes\u00fas Eduardo Govea Orozco, se llev\u00f3 a cabo una visita de supervisi\u00f3n a los Centros de Mecanismos Alternativos de Soluci\u00f3n de Controversias (MASC) en los municipios de Gonz\u00e1lez, Altamira, Tampico y Ciudad Madero.<\/p>\n\n\n\n<p>La supervisi\u00f3n fue realizada por el Director General de Atenci\u00f3n Temprana y Mecanismos Alternativos de Soluci\u00f3n de Controversias, Jos\u00e9 Ives Sober\u00f3n Mej\u00eda, con el objetivo de evaluar el funcionamiento de dichas \u00e1reas.<\/p>\n\n\n\n<p>Durante la visita se verificaron las condiciones de las instalaciones, el tr\u00e1mite puntual de las carpetas de investigaci\u00f3n atendidas en el \u00e1rea de justicia alternativa, as\u00ed como el adecuado desarrollo de los flujos de trabajo.<\/p>\n\n\n\n<p>Estas acciones forman parte de la estrategia institucional orientada a fortalecer la supervisi\u00f3n permanente y garantizar la correcta aplicaci\u00f3n de los mecanismos alternativos de soluci\u00f3n de controversias, priorizando la atenci\u00f3n oportuna y la conclusi\u00f3n de carpetas de investigaci\u00f3n en los casos en que resulte procedente.<\/p>\n\n\n\n<p>La Fiscal\u00eda General de Justicia del Estado de Tamaulipas reafirma su compromiso de mejorar continuamente los procesos de procuraci\u00f3n de justicia, en beneficio de la ciudadan\u00ed<\/p>\n","protected":false},"excerpt":{"rendered":"<p>La Fiscal\u00eda General de Justicia del Estado de Tamaulipas informa que, por instrucciones del Fiscal General, Jes\u00fas Eduardo<\/p>\n","protected":false},"author":1,"featured_media":0,"comment_status":"open","ping_status":"open","sticky":false,"template":"","format":"standard","meta":{"footnotes":""},"categories":[1],"tags":[],"class_list":["post-702","post","type-post","status-publish","format-standard","hentry","category-tamaulipas"],"_links":{"self":[{"href":"https:\/\/RadarTamaulipas.info\/index.php?rest_route=\/wp\/v2\/posts\/702","targetHints":{"allow":["GET"]}}],"collection":[{"href":"https:\/\/RadarTamaulipas.info\/index.php?rest_route=\/wp\/v2\/posts"}],"about":[{"href":"https:\/\/RadarTamaulipas.info\/index.php?rest_route=\/wp\/v2\/types\/post"}],"author":[{"embeddable":true,"href":"https:\/\/RadarTamaulipas.info\/index.php?rest_route=\/wp\/v2\/users\/1"}],"replies":[{"embeddable":true,"href":"https:\/\/RadarTamaulipas.info\/index.php?rest_route=%2Fwp%2Fv2%2Fcomments&post=702"}],"version-history":[{"count":1,"href":"https:\/\/RadarTamaulipas.info\/index.php?rest_route=\/wp\/v2\/posts\/702\/revisions"}],"predecessor-version":[{"id":704,"href":"https:\/\/RadarTamaulipas.info\/index.php?rest_route=\/wp\/v2\/posts\/702\/revisions\/704"}],"wp:attachment":[{"href":"https:\/\/RadarTamaulipas.info\/index.php?rest_route=%2Fwp%2Fv2%2Fmedia&parent=702"}],"wp:term":[{"taxonomy":"category","embeddable":true,"href":"https:\/\/RadarTamaulipas.info\/index.php?rest_route=%2Fwp%2Fv2%2Fcategories&post=702"},{"taxonomy":"post_tag","embeddable":true,"href":"https:\/\/RadarTamaulipas.info\/index.php?rest_route=%2Fwp%2Fv2%2Ftags&post=702"}],"curies":[{"name":"wp","href":"https:\/\/api.w.org\/{rel}","templated":true}]}}