{"id":705,"date":"2026-04-27T21:01:49","date_gmt":"2026-04-27T21:01:49","guid":{"rendered":"https:\/\/RadarTamaulipas.info\/?p=705"},"modified":"2026-04-27T21:01:50","modified_gmt":"2026-04-27T21:01:50","slug":"educacion-en-tamaulipas-proyecta-inversion-record-y-consolidacion-academica","status":"publish","type":"post","link":"https:\/\/RadarTamaulipas.info\/?p=705","title":{"rendered":"Educaci\u00f3n en Tamaulipas proyecta inversi\u00f3n r\u00e9cord y consolidaci\u00f3n acad\u00e9mica"},"content":{"rendered":"\n<figure class=\"wp-block-image size-full\"><img loading=\"lazy\" decoding=\"async\" width=\"825\" height=\"641\" src=\"https:\/\/radartamaulipas.info\/wp-content\/uploads\/2026\/04\/IMG-20260427-WA0004.jpg\" alt=\"\" class=\"wp-image-706\" srcset=\"https:\/\/radartamaulipas.info\/wp-content\/uploads\/2026\/04\/IMG-20260427-WA0004.jpg 825w, https:\/\/radartamaulipas.info\/wp-content\/uploads\/2026\/04\/IMG-20260427-WA0004-300x233.jpg 300w, https:\/\/radartamaulipas.info\/wp-content\/uploads\/2026\/04\/IMG-20260427-WA0004-768x597.jpg 768w\" sizes=\"auto, (max-width: 825px) 100vw, 825px\" \/><\/figure>\n\n\n\n<p>Por:  Alfredo Uvalle <\/p>\n\n\n\n<p> El secretario de Educaci\u00f3n en el estado, Miguel \u00c1ngel Vald\u00e9s Garc\u00eda, se declar\u00f3 listo para su primera comparecencia ante el Congreso del Estado, un ejercicio que calific\u00f3 como \u00abhist\u00f3rico\u00bb y que servir\u00e1 para detallar la ruta estrat\u00e9gica trazada por el gobernador Am\u00e9rico Villarreal Anaya para los pr\u00f3ximos tres a\u00f1os de gesti\u00f3n.Durante este ejercicio legislativo a realizarse el martes 28 de abril, el titular de la SET profundizar\u00e1 en tres ejes sustantivos: infraestructura, aprendizajes y recurso humano.Uno de los anuncios m\u00e1s destacados es el incremento presupuestal derivado de las pol\u00edticas federales. Vald\u00e9s Garc\u00eda se\u00f1al\u00f3 que, tras el anuncio de la presidenta Claudia Sheinbaum Pardo de triplicar el presupuesto del programa \u00abLa Escuela es Nuestra\u00bb, las expectativas para Tamaulipas son sumamente positivas.<\/p>\n\n\n\n<p>Inversi\u00f3n: Se espera pasar de los 300 millones de pesos habituales a una cifra superior a los 900 millones de pesos, recurso que garantizar\u00e1 la certeza en la consolidaci\u00f3n de la infraestructura en los planteles de los 43 municipios del estado.<\/p>\n\n\n\n<p>Becas Universales: Un hecho sin precedentesEl secretario resalt\u00f3 que Tamaulipas vive un momento dorado en cuanto a apoyos sociales. Por primera vez, se lograr\u00e1 una cobertura de becas universales desde primaria hasta preparatoria:<\/p>\n\n\n\n<p>Beca \u00abRita Cetina\u00bb: Cubrir\u00e1 primaria y secundaria con una inversi\u00f3n superior a los 1,000 millones de pesos para el pr\u00f3ximo a\u00f1o.<\/p>\n\n\n\n<p>Beca \u00abBenito Ju\u00e1rez\u00bb: Garantiza el apoyo a todos los estudiantes de preparatoria.<\/p>\n\n\n\n<p>El gobernador Am\u00e9rico Villarreal complementar\u00e1 este esquema con becas espec\u00edficas para ni\u00f1os con neurodivergencias, hijos de trabajadores de la seguridad estatal y ni\u00f1os migrantes.<\/p>\n\n\n\n<p>En el tema fronterizo, Vald\u00e9s Garc\u00eda fue enf\u00e1tico: la instrucci\u00f3n es dar cobertura total a los repatriados.<\/p>\n\n\n\n<p>\u00abPrimero los metemos a la escuela y luego averiguamos el CURP o su estatus migratorio\u00bb, afirm\u00f3.<\/p>\n\n\n\n<p>Actualmente, se han registrado cerca de 77 alumnos bajo esta condici\u00f3n en el nuevo ciclo escolar, asegurando que el sistema educativo est\u00e1 preparado para que estos menores se sientan arropados por la comunidad.<\/p>\n\n\n\n<p>Ante los diputados, el secretario presentar\u00e1 resultados tangibles basados en la prueba universal \u00abTamaulipas Aprende\u00bb, herramienta \u00fanica en el pa\u00eds, adem\u00e1s adelant\u00f3 que mostrar\u00e1 gr\u00e1ficas que avalan el avance en tres rubros cr\u00edticos: Matem\u00e1ticas, Espa\u00f1ol y Ciencias.<\/p>\n\n\n\n<p>El funcionario estatal dijo que la comparecencia marcar\u00e1 un hito con la presencia de Arnulfo Rodr\u00edguez Trevi\u00f1o, Secretario General de la Secci\u00f3n 30 del SNTE.<\/p>\n\n\n\n<p> Vald\u00e9s Garc\u00eda destac\u00f3 que existen condiciones institucionales de respeto mutuo, enfocadas en dirimir conflictos y aumentar apoyos laborales, como las mejoras logradas en el IPSSET.\u00bb<\/p>\n\n\n\n<p>Les dir\u00e9 a los diputados que estamos bien, pero vamos a ir mejor\u00bb, concluy\u00f3 el secretario, reafirmando el compromiso de cumplir las metas planteadas para el cierre de la administraci\u00f3n.<\/p>\n","protected":false},"excerpt":{"rendered":"<p>Por: Alfredo Uvalle El secretario de Educaci\u00f3n en el estado, Miguel \u00c1ngel Vald\u00e9s Garc\u00eda, se declar\u00f3 listo para<\/p>\n","protected":false},"author":1,"featured_media":0,"comment_status":"open","ping_status":"open","sticky":false,"template":"","format":"standard","meta":{"footnotes":""},"categories":[1],"tags":[],"class_list":["post-705","post","type-post","status-publish","format-standard","hentry","category-tamaulipas"],"_links":{"self":[{"href":"https:\/\/RadarTamaulipas.info\/index.php?rest_route=\/wp\/v2\/posts\/705","targetHints":{"allow":["GET"]}}],"collection":[{"href":"https:\/\/RadarTamaulipas.info\/index.php?rest_route=\/wp\/v2\/posts"}],"about":[{"href":"https:\/\/RadarTamaulipas.info\/index.php?rest_route=\/wp\/v2\/types\/post"}],"author":[{"embeddable":true,"href":"https:\/\/RadarTamaulipas.info\/index.php?rest_route=\/wp\/v2\/users\/1"}],"replies":[{"embeddable":true,"href":"https:\/\/RadarTamaulipas.info\/index.php?rest_route=%2Fwp%2Fv2%2Fcomments&post=705"}],"version-history":[{"count":1,"href":"https:\/\/RadarTamaulipas.info\/index.php?rest_route=\/wp\/v2\/posts\/705\/revisions"}],"predecessor-version":[{"id":707,"href":"https:\/\/RadarTamaulipas.info\/index.php?rest_route=\/wp\/v2\/posts\/705\/revisions\/707"}],"wp:attachment":[{"href":"https:\/\/RadarTamaulipas.info\/index.php?rest_route=%2Fwp%2Fv2%2Fmedia&parent=705"}],"wp:term":[{"taxonomy":"category","embeddable":true,"href":"https:\/\/RadarTamaulipas.info\/index.php?rest_route=%2Fwp%2Fv2%2Fcategories&post=705"},{"taxonomy":"post_tag","embeddable":true,"href":"https:\/\/RadarTamaulipas.info\/index.php?rest_route=%2Fwp%2Fv2%2Ftags&post=705"}],"curies":[{"name":"wp","href":"https:\/\/api.w.org\/{rel}","templated":true}]}}