{"id":708,"date":"2026-04-27T21:04:21","date_gmt":"2026-04-27T21:04:21","guid":{"rendered":"https:\/\/RadarTamaulipas.info\/?p=708"},"modified":"2026-04-27T21:04:22","modified_gmt":"2026-04-27T21:04:22","slug":"finanzas-sanas-en-tamaulipas-estado-se-posiciona-en-el-top-10-nacional-en-cumplimiento-fiscal","status":"publish","type":"post","link":"https:\/\/RadarTamaulipas.info\/?p=708","title":{"rendered":"Finanzas sanas en Tamaulipas: Estado se posiciona en el \u00abTop 10\u00bb nacional en cumplimiento fiscal"},"content":{"rendered":"\n<figure class=\"wp-block-image size-full\"><img loading=\"lazy\" decoding=\"async\" width=\"569\" height=\"560\" src=\"https:\/\/radartamaulipas.info\/wp-content\/uploads\/2026\/04\/IMG-20260427-WA0005.jpg\" alt=\"\" class=\"wp-image-709\" srcset=\"https:\/\/radartamaulipas.info\/wp-content\/uploads\/2026\/04\/IMG-20260427-WA0005.jpg 569w, https:\/\/radartamaulipas.info\/wp-content\/uploads\/2026\/04\/IMG-20260427-WA0005-300x295.jpg 300w\" sizes=\"auto, (max-width: 569px) 100vw, 569px\" \/><\/figure>\n\n\n\n<p>Por:  Alfredo Uvalle<\/p>\n\n\n\n<p> El Secretario de Finanzas del Gobierno del Estado, Carlos Ir\u00e1n Ram\u00edrez Gonz\u00e1lez, destac\u00f3 el s\u00f3lido desempe\u00f1o financiero de la entidad, posicionando a Tamaulipas en el s\u00e9ptimo lugar a nivel nacional en el cumplimiento de convenios de colaboraci\u00f3n con la Secretar\u00eda de Hacienda y Cr\u00e9dito P\u00fablico (SHCP).<\/p>\n\n\n\n<p>De acuerdo con el funcionario, esta calificaci\u00f3n \u2014que puede ser consultada en las p\u00e1ginas de transparencia de la dependencia federal\u2014 avala el manejo responsable de los Anexos 5 y 8, reflejando altos est\u00e1ndares de eficiencia administrativa.<\/p>\n\n\n\n<p>Ante las versiones que circularon sobre una supuesta disminuci\u00f3n de recursos federales durante el mes de marzo, Ram\u00edrez Gonz\u00e1lez fue enf\u00e1tico al desmentir dicha informaci\u00f3n.<\/p>\n\n\n\n<p>\u201cLe\u00ed una nota donde se informaba que hab\u00edamos recibido 250 millones de pesos menos en marzo; no es as\u00ed. Es importante recordar que la Federaci\u00f3n realiza ajustes en las participaciones, pero en ning\u00fan momento hemos tenido una reducci\u00f3n. El presupuesto sigue intacto\u201d, aclar\u00f3 el secretario.<\/p>\n\n\n\n<p>Explic\u00f3 que estos ajustes son procesos ordinarios de la Federaci\u00f3n, pero que gracias a los niveles de cumplimiento y a una estrategia de mayor recaudaci\u00f3n, Tamaulipas se mantiene firme entre los diez estados con mejor desempe\u00f1o fiscal del pa\u00eds.<\/p>\n\n\n\n<p>El titular de Finanzas inform\u00f3 que la recaudaci\u00f3n del mes de marzo cumpli\u00f3 con las metas establecidas en el presupuesto anual. Esta solidez financiera ha permitido que, por instrucci\u00f3n del gobernador Am\u00e9rico Villarreal Anaya, se mantengan y apliquen est\u00edmulos fiscales en beneficio directo de la econom\u00eda de las familias tamaulipecas.<\/p>\n\n\n\n<p>El buen manejo de los recursos permite otorgar descuentos y apoyos sin poner en riesgo la operatividad del estado, adem\u00e1s explic\u00f3 que el proceso se realiza bajo los lineamientos del Consejo de Armonizaci\u00f3n Contable.<\/p>\n\n\n\n<p>Ram\u00edrez Gonz\u00e1lez reiter\u00f3 que el compromiso de la actual administraci\u00f3n es mantener finanzas sanas que se reflejen \u00aben los bolsillos de la gente\u00bb, garantizando que el orden administrativo siga siendo la base para el desarrollo del estado.<\/p>\n","protected":false},"excerpt":{"rendered":"<p>Por: Alfredo Uvalle El Secretario de Finanzas del Gobierno del Estado, Carlos Ir\u00e1n Ram\u00edrez Gonz\u00e1lez, destac\u00f3 el s\u00f3lido<\/p>\n","protected":false},"author":1,"featured_media":0,"comment_status":"open","ping_status":"open","sticky":false,"template":"","format":"standard","meta":{"footnotes":""},"categories":[1],"tags":[],"class_list":["post-708","post","type-post","status-publish","format-standard","hentry","category-tamaulipas"],"_links":{"self":[{"href":"https:\/\/RadarTamaulipas.info\/index.php?rest_route=\/wp\/v2\/posts\/708","targetHints":{"allow":["GET"]}}],"collection":[{"href":"https:\/\/RadarTamaulipas.info\/index.php?rest_route=\/wp\/v2\/posts"}],"about":[{"href":"https:\/\/RadarTamaulipas.info\/index.php?rest_route=\/wp\/v2\/types\/post"}],"author":[{"embeddable":true,"href":"https:\/\/RadarTamaulipas.info\/index.php?rest_route=\/wp\/v2\/users\/1"}],"replies":[{"embeddable":true,"href":"https:\/\/RadarTamaulipas.info\/index.php?rest_route=%2Fwp%2Fv2%2Fcomments&post=708"}],"version-history":[{"count":1,"href":"https:\/\/RadarTamaulipas.info\/index.php?rest_route=\/wp\/v2\/posts\/708\/revisions"}],"predecessor-version":[{"id":710,"href":"https:\/\/RadarTamaulipas.info\/index.php?rest_route=\/wp\/v2\/posts\/708\/revisions\/710"}],"wp:attachment":[{"href":"https:\/\/RadarTamaulipas.info\/index.php?rest_route=%2Fwp%2Fv2%2Fmedia&parent=708"}],"wp:term":[{"taxonomy":"category","embeddable":true,"href":"https:\/\/RadarTamaulipas.info\/index.php?rest_route=%2Fwp%2Fv2%2Fcategories&post=708"},{"taxonomy":"post_tag","embeddable":true,"href":"https:\/\/RadarTamaulipas.info\/index.php?rest_route=%2Fwp%2Fv2%2Ftags&post=708"}],"curies":[{"name":"wp","href":"https:\/\/api.w.org\/{rel}","templated":true}]}}