{"id":711,"date":"2026-04-27T21:07:13","date_gmt":"2026-04-27T21:07:13","guid":{"rendered":"https:\/\/RadarTamaulipas.info\/?p=711"},"modified":"2026-04-27T21:07:14","modified_gmt":"2026-04-27T21:07:14","slug":"restablecen-el-orden-en-reynosa-tras-bloqueos-detienen-en-operativo-a-objetivo-prioritario","status":"publish","type":"post","link":"https:\/\/RadarTamaulipas.info\/?p=711","title":{"rendered":"Restablecen el orden en Reynosa tras bloqueos, detienen en operativo a objetivo prioritario"},"content":{"rendered":"\n<figure class=\"wp-block-gallery has-nested-images columns-default is-cropped wp-block-gallery-1 is-layout-flex wp-block-gallery-is-layout-flex\">\n<figure class=\"wp-block-image size-large\"><img loading=\"lazy\" decoding=\"async\" width=\"764\" height=\"934\" data-id=\"712\" src=\"https:\/\/radartamaulipas.info\/wp-content\/uploads\/2026\/04\/IMG-20260427-WA0008.jpg\" alt=\"\" class=\"wp-image-712\" srcset=\"https:\/\/radartamaulipas.info\/wp-content\/uploads\/2026\/04\/IMG-20260427-WA0008.jpg 764w, https:\/\/radartamaulipas.info\/wp-content\/uploads\/2026\/04\/IMG-20260427-WA0008-245x300.jpg 245w\" sizes=\"auto, (max-width: 764px) 100vw, 764px\" \/><\/figure>\n\n\n\n<figure class=\"wp-block-image size-large\"><img loading=\"lazy\" decoding=\"async\" width=\"1024\" height=\"553\" data-id=\"713\" src=\"https:\/\/radartamaulipas.info\/wp-content\/uploads\/2026\/04\/IMG-20260427-WA0007-1024x553.jpg\" alt=\"\" class=\"wp-image-713\" srcset=\"https:\/\/radartamaulipas.info\/wp-content\/uploads\/2026\/04\/IMG-20260427-WA0007-1024x553.jpg 1024w, https:\/\/radartamaulipas.info\/wp-content\/uploads\/2026\/04\/IMG-20260427-WA0007-300x162.jpg 300w, https:\/\/radartamaulipas.info\/wp-content\/uploads\/2026\/04\/IMG-20260427-WA0007-768x415.jpg 768w, https:\/\/radartamaulipas.info\/wp-content\/uploads\/2026\/04\/IMG-20260427-WA0007.jpg 1054w\" sizes=\"auto, (max-width: 1024px) 100vw, 1024px\" \/><\/figure>\n\n\n\n<figure class=\"wp-block-image size-large\"><img loading=\"lazy\" decoding=\"async\" width=\"1024\" height=\"522\" data-id=\"714\" src=\"https:\/\/radartamaulipas.info\/wp-content\/uploads\/2026\/04\/IMG-20260427-WA0006-1024x522.jpg\" alt=\"\" class=\"wp-image-714\" srcset=\"https:\/\/radartamaulipas.info\/wp-content\/uploads\/2026\/04\/IMG-20260427-WA0006-1024x522.jpg 1024w, https:\/\/radartamaulipas.info\/wp-content\/uploads\/2026\/04\/IMG-20260427-WA0006-300x153.jpg 300w, https:\/\/radartamaulipas.info\/wp-content\/uploads\/2026\/04\/IMG-20260427-WA0006-768x392.jpg 768w, https:\/\/radartamaulipas.info\/wp-content\/uploads\/2026\/04\/IMG-20260427-WA0006.jpg 1279w\" sizes=\"auto, (max-width: 1024px) 100vw, 1024px\" \/><\/figure>\n<\/figure>\n\n\n\n<p>Por:  Alfredo Uvalle <\/p>\n\n\n\n<p>Tras los disturbios registrados durante la madrugada de este lunes en Reynosa, el gobernador de Tamaulipas, Am\u00e9rico Villarreal Anaya, inform\u00f3 que la ciudad se encuentra plenamente operativa y que la situaci\u00f3n fue controlada sin que se reportaran personas heridas o p\u00e9rdida de vidas.<\/p>\n\n\n\n<p>De acuerdo con informaci\u00f3n de la Vocer\u00eda de Seguridad, los incidentes \u2014que incluyeron bloqueos con tractocamiones y actos de vandalismo contra c\u00e1maras de videovigilancia\u2014 fueron una respuesta a la detenci\u00f3n de un objetivo prioritario en la zona y en donde la fiscal\u00eda general de la Rep\u00fablica, realiz\u00f3 el aseguramiento de armas, cartuchos y cargadores durante una orden de cateo por la probable comisi\u00f3n del delito de portaci\u00f3n de armas de fuego de uso exclusivo de las fuerzas armadas permanentes y delitos contra la salud. <\/p>\n\n\n\n<p>La carpeta de investigaci\u00f3n inici\u00f3 una atenci\u00f3n a una denuncia an\u00f3nima en la que ciudadanos hicieron del conocimiento que en un inmueble ubicado en la colonia Vicente Guerrero en la ciudad de Reynosa, personas armadas, resguardaban, narc\u00f3ticos y armas de fuego, al corroborar los hechos denunciados, los efectivos federales aseguraron un arma larga tres cargadores 97 cartuchos, cuatro veh\u00edculos y detuvieron a una persona quien presuntamente es el l\u00edder de un grupo delictivo que opera en la entidad. <\/p>\n\n\n\n<p>El Gobernador Am\u00e9rico Villarreal, explic\u00f3 que estas acciones forman parte de operativos dise\u00f1ados a nivel central para mantener la estabilidad social en la regi\u00f3n fronteriza.<\/p>\n\n\n\n<p>\u00abHubo algunos bloqueos en la madrugada con tractocamiones y prendieron algunas llantas, pero todo qued\u00f3 debidamente despejado. Lo que me informan es que ahorita la ciudad de Reynosa se encuentra plenamente operativa\u00bb, se\u00f1al\u00f3.<\/p>\n\n\n\n<p> Villarreal Anaya detall\u00f3 que los bloqueos y la quema de llantas fueron atendidos de manera inmediata.<\/p>\n\n\n\n<p>Por su parte, el Secretario de Seguridad P\u00fablica del Estado, Carlos Arturo Pancardo Escudero, confirm\u00f3 que se ha reforzado la vigilancia en la frontera mediante un despliegue coordinado. En estas labores participan fuerzas federales, la Guardia Estatal y la Polic\u00eda Investigadora de la fiscal\u00eda general de Justicia (FGJET), con el objetivo de preservar el orden y salvaguardar la integridad de la ciudadan\u00eda.<\/p>\n","protected":false},"excerpt":{"rendered":"<p>Por: Alfredo Uvalle Tras los disturbios registrados durante la madrugada de este lunes en Reynosa, el gobernador de<\/p>\n","protected":false},"author":1,"featured_media":0,"comment_status":"open","ping_status":"open","sticky":false,"template":"","format":"standard","meta":{"footnotes":""},"categories":[1],"tags":[],"class_list":["post-711","post","type-post","status-publish","format-standard","hentry","category-tamaulipas"],"_links":{"self":[{"href":"https:\/\/RadarTamaulipas.info\/index.php?rest_route=\/wp\/v2\/posts\/711","targetHints":{"allow":["GET"]}}],"collection":[{"href":"https:\/\/RadarTamaulipas.info\/index.php?rest_route=\/wp\/v2\/posts"}],"about":[{"href":"https:\/\/RadarTamaulipas.info\/index.php?rest_route=\/wp\/v2\/types\/post"}],"author":[{"embeddable":true,"href":"https:\/\/RadarTamaulipas.info\/index.php?rest_route=\/wp\/v2\/users\/1"}],"replies":[{"embeddable":true,"href":"https:\/\/RadarTamaulipas.info\/index.php?rest_route=%2Fwp%2Fv2%2Fcomments&post=711"}],"version-history":[{"count":1,"href":"https:\/\/RadarTamaulipas.info\/index.php?rest_route=\/wp\/v2\/posts\/711\/revisions"}],"predecessor-version":[{"id":715,"href":"https:\/\/RadarTamaulipas.info\/index.php?rest_route=\/wp\/v2\/posts\/711\/revisions\/715"}],"wp:attachment":[{"href":"https:\/\/RadarTamaulipas.info\/index.php?rest_route=%2Fwp%2Fv2%2Fmedia&parent=711"}],"wp:term":[{"taxonomy":"category","embeddable":true,"href":"https:\/\/RadarTamaulipas.info\/index.php?rest_route=%2Fwp%2Fv2%2Fcategories&post=711"},{"taxonomy":"post_tag","embeddable":true,"href":"https:\/\/RadarTamaulipas.info\/index.php?rest_route=%2Fwp%2Fv2%2Ftags&post=711"}],"curies":[{"name":"wp","href":"https:\/\/api.w.org\/{rel}","templated":true}]}}