{"id":724,"date":"2026-04-29T02:00:13","date_gmt":"2026-04-29T02:00:13","guid":{"rendered":"https:\/\/RadarTamaulipas.info\/?p=724"},"modified":"2026-04-29T02:00:14","modified_gmt":"2026-04-29T02:00:14","slug":"tamaulipas-busca-abatir-el-30-de-rezago-en-infraestructura-escolar-al-cierre-del-sexenio","status":"publish","type":"post","link":"https:\/\/RadarTamaulipas.info\/?p=724","title":{"rendered":"Tamaulipas busca abatir el 30% de rezago en infraestructura escolar al cierre del sexenio"},"content":{"rendered":"\n<figure class=\"wp-block-image size-large\"><img loading=\"lazy\" decoding=\"async\" width=\"1024\" height=\"668\" src=\"https:\/\/radartamaulipas.info\/wp-content\/uploads\/2026\/04\/IMG-20260428-WA0011-1024x668.jpg\" alt=\"\" class=\"wp-image-725\" srcset=\"https:\/\/radartamaulipas.info\/wp-content\/uploads\/2026\/04\/IMG-20260428-WA0011-1024x668.jpg 1024w, https:\/\/radartamaulipas.info\/wp-content\/uploads\/2026\/04\/IMG-20260428-WA0011-300x196.jpg 300w, https:\/\/radartamaulipas.info\/wp-content\/uploads\/2026\/04\/IMG-20260428-WA0011-768x501.jpg 768w, https:\/\/radartamaulipas.info\/wp-content\/uploads\/2026\/04\/IMG-20260428-WA0011.jpg 1054w\" sizes=\"auto, (max-width: 1024px) 100vw, 1024px\" \/><\/figure>\n\n\n\n<p>Por:  Alfredo Uvalle <\/p>\n\n\n\n<p>El secretario de Educaci\u00f3n de Tamaulipas, Miguel \u00c1ngel Valdez Garc\u00eda, reconoci\u00f3 que el sistema educativo estatal, compuesto por m\u00e1s de 6,652 planteles, enfrenta actualmente un rezago del 30% en cuanto a condiciones de infraestructura b\u00e1sica, tales como ba\u00f1os, electrificaci\u00f3n, bardas perimetrales y techumbres.<\/p>\n\n\n\n<p>Durante su comparecencia ante el Congreso del Estado, y en respuesta a los cuestionamientos de la diputada Patricia Hurtado (PAN), el funcionario detall\u00f3 que este d\u00e9ficit se concentra en 1,172 escuelas que a\u00fan no cuentan con condiciones dignas para el aprendizaje.<\/p>\n\n\n\n<p>Agenda \u00abTamaulipas Educa\u00bb: Un compromiso de dignidadValdez Garc\u00eda enfatiz\u00f3 que, bajo la administraci\u00f3n del Gobernador Am\u00e9rico Villarreal Anaya, existe el firme compromiso de que, al finalizar el sexenio, la totalidad de las escuelas p\u00fablicas de nivel preescolar, primaria y secundaria cuenten con instalaciones dignas.<\/p>\n\n\n\n<p>\u00abEl objetivo es claro: atender las carencias en ba\u00f1os, electrificaci\u00f3n, mobiliario y recursos humanos. Estamos trabajando intensamente para que cada plantel ofrezca un entorno adecuado para nuestras ni\u00f1as, ni\u00f1os y j\u00f3venes\u00bb, afirm\u00f3 el titular de la SET.<\/p>\n\n\n\n<p>Prioridad en zonas ruralesEl Secretario destac\u00f3 que, si bien existen planteles en excelentes condiciones, el mayor rezago se localiza en las \u00e1reas rurales. Por ello, siguiendo las instrucciones del mandatario estatal, se est\u00e1 privilegiando la inversi\u00f3n en estas zonas.<\/p>\n\n\n\n<p>Para lograr esta meta, la Secretar\u00eda de Educaci\u00f3n busca fortalecer el Fondo de Aportaciones M\u00faltiples y potenciar el impacto del programa \u00abLa Escuela es Nuestra\u00bb. Valdez Garc\u00eda reconoci\u00f3 la labor de los legisladores que se han sumado a las gestiones para mejorar las escuelas de sus distritos, invit\u00e1ndolos a continuar trabajando de la mano para cerrar esta brecha hist\u00f3rica.<\/p>\n\n\n\n<p>\u00abSabemos que el sistema requiere muchos recursos para mantenimiento, pero estamos enfocados en que el rezago que hoy detectamos sea cosa del pasado al terminar esta administraci\u00f3n\u00bb, concluy\u00f3.<\/p>\n","protected":false},"excerpt":{"rendered":"<p>Por: Alfredo Uvalle El secretario de Educaci\u00f3n de Tamaulipas, Miguel \u00c1ngel Valdez Garc\u00eda, reconoci\u00f3 que el sistema educativo<\/p>\n","protected":false},"author":1,"featured_media":0,"comment_status":"open","ping_status":"open","sticky":false,"template":"","format":"standard","meta":{"footnotes":""},"categories":[1],"tags":[],"class_list":["post-724","post","type-post","status-publish","format-standard","hentry","category-tamaulipas"],"_links":{"self":[{"href":"https:\/\/RadarTamaulipas.info\/index.php?rest_route=\/wp\/v2\/posts\/724","targetHints":{"allow":["GET"]}}],"collection":[{"href":"https:\/\/RadarTamaulipas.info\/index.php?rest_route=\/wp\/v2\/posts"}],"about":[{"href":"https:\/\/RadarTamaulipas.info\/index.php?rest_route=\/wp\/v2\/types\/post"}],"author":[{"embeddable":true,"href":"https:\/\/RadarTamaulipas.info\/index.php?rest_route=\/wp\/v2\/users\/1"}],"replies":[{"embeddable":true,"href":"https:\/\/RadarTamaulipas.info\/index.php?rest_route=%2Fwp%2Fv2%2Fcomments&post=724"}],"version-history":[{"count":1,"href":"https:\/\/RadarTamaulipas.info\/index.php?rest_route=\/wp\/v2\/posts\/724\/revisions"}],"predecessor-version":[{"id":726,"href":"https:\/\/RadarTamaulipas.info\/index.php?rest_route=\/wp\/v2\/posts\/724\/revisions\/726"}],"wp:attachment":[{"href":"https:\/\/RadarTamaulipas.info\/index.php?rest_route=%2Fwp%2Fv2%2Fmedia&parent=724"}],"wp:term":[{"taxonomy":"category","embeddable":true,"href":"https:\/\/RadarTamaulipas.info\/index.php?rest_route=%2Fwp%2Fv2%2Fcategories&post=724"},{"taxonomy":"post_tag","embeddable":true,"href":"https:\/\/RadarTamaulipas.info\/index.php?rest_route=%2Fwp%2Fv2%2Ftags&post=724"}],"curies":[{"name":"wp","href":"https:\/\/api.w.org\/{rel}","templated":true}]}}