{"id":727,"date":"2026-04-29T02:02:12","date_gmt":"2026-04-29T02:02:12","guid":{"rendered":"https:\/\/RadarTamaulipas.info\/?p=727"},"modified":"2026-04-29T02:02:12","modified_gmt":"2026-04-29T02:02:12","slug":"apunta-a-la-camara-alta-miguel-angel-valdez-garcia-abre-la-puerta-a-una-candidatura-al-senado","status":"publish","type":"post","link":"https:\/\/RadarTamaulipas.info\/?p=727","title":{"rendered":"Apunta a la C\u00e1mara Alta? Miguel \u00c1ngel Valdez Garc\u00eda abre la puerta a una candidatura al Senado"},"content":{"rendered":"\n<figure class=\"wp-block-image size-full\"><img loading=\"lazy\" decoding=\"async\" width=\"715\" height=\"658\" src=\"https:\/\/radartamaulipas.info\/wp-content\/uploads\/2026\/04\/IMG-20260428-WA0012.jpg\" alt=\"\" class=\"wp-image-728\" srcset=\"https:\/\/radartamaulipas.info\/wp-content\/uploads\/2026\/04\/IMG-20260428-WA0012.jpg 715w, https:\/\/radartamaulipas.info\/wp-content\/uploads\/2026\/04\/IMG-20260428-WA0012-300x276.jpg 300w\" sizes=\"auto, (max-width: 715px) 100vw, 715px\" \/><\/figure>\n\n\n\n<p>Por: Alfredo Uvalle <\/p>\n\n\n\n<p>El secretario de Educaci\u00f3n de Tamaulipas, Miguel \u00c1ngel Valdez Garc\u00eda, sorprendi\u00f3 al dejar entrever que sus aspiraciones pol\u00edticas podr\u00edan ir m\u00e1s all\u00e1 de una diputaci\u00f3n local o federal, apuntando ahora hacia una posible candidatura al Senado de la Rep\u00fablica.<\/p>\n\n\n\n<p>Durante una conferencia de prensa, al ser cuestionado sobre sus planes a futuro, el funcionario record\u00f3 con nostalgia que su sue\u00f1o siempre fue ser diputado, comentando con tono anecd\u00f3tico que, durante la glosa del cuarto informe de gobierno, sinti\u00f3 que de alguna manera ya estaba ocupando un lugar en el pleno del Congreso, aunque fuera en calidad de compareciente.<\/p>\n\n\n\n<p>Sin embargo, el ambiente cambi\u00f3 cuando se le pregunt\u00f3 directamente si buscar\u00eda una diputaci\u00f3n local o federal. Ante la insistencia, Valdez Garc\u00eda respondi\u00f3 con una sonrisa y un toque de ambici\u00f3n pol\u00edtica: \u00abTambi\u00e9n hay senadur\u00edas\u00bb, pidi\u00f3 a los medios presentes que no lo limiten a una sola posici\u00f3n.<\/p>\n\n\n\n<p>Con estas declaraciones, el titular de Educaci\u00f3n pone sobre la mesa su disposici\u00f3n para participar en el pr\u00f3ximo proceso electoral, dejando claro que, si de aspirar se trata, no descarta jugar en las grandes ligas de la pol\u00edtica nacional.<\/p>\n\n\n\n<p><\/p>\n","protected":false},"excerpt":{"rendered":"<p>Por: Alfredo Uvalle El secretario de Educaci\u00f3n de Tamaulipas, Miguel \u00c1ngel Valdez Garc\u00eda, sorprendi\u00f3 al dejar entrever que<\/p>\n","protected":false},"author":1,"featured_media":0,"comment_status":"open","ping_status":"open","sticky":false,"template":"","format":"standard","meta":{"footnotes":""},"categories":[1],"tags":[],"class_list":["post-727","post","type-post","status-publish","format-standard","hentry","category-tamaulipas"],"_links":{"self":[{"href":"https:\/\/RadarTamaulipas.info\/index.php?rest_route=\/wp\/v2\/posts\/727","targetHints":{"allow":["GET"]}}],"collection":[{"href":"https:\/\/RadarTamaulipas.info\/index.php?rest_route=\/wp\/v2\/posts"}],"about":[{"href":"https:\/\/RadarTamaulipas.info\/index.php?rest_route=\/wp\/v2\/types\/post"}],"author":[{"embeddable":true,"href":"https:\/\/RadarTamaulipas.info\/index.php?rest_route=\/wp\/v2\/users\/1"}],"replies":[{"embeddable":true,"href":"https:\/\/RadarTamaulipas.info\/index.php?rest_route=%2Fwp%2Fv2%2Fcomments&post=727"}],"version-history":[{"count":1,"href":"https:\/\/RadarTamaulipas.info\/index.php?rest_route=\/wp\/v2\/posts\/727\/revisions"}],"predecessor-version":[{"id":729,"href":"https:\/\/RadarTamaulipas.info\/index.php?rest_route=\/wp\/v2\/posts\/727\/revisions\/729"}],"wp:attachment":[{"href":"https:\/\/RadarTamaulipas.info\/index.php?rest_route=%2Fwp%2Fv2%2Fmedia&parent=727"}],"wp:term":[{"taxonomy":"category","embeddable":true,"href":"https:\/\/RadarTamaulipas.info\/index.php?rest_route=%2Fwp%2Fv2%2Fcategories&post=727"},{"taxonomy":"post_tag","embeddable":true,"href":"https:\/\/RadarTamaulipas.info\/index.php?rest_route=%2Fwp%2Fv2%2Ftags&post=727"}],"curies":[{"name":"wp","href":"https:\/\/api.w.org\/{rel}","templated":true}]}}