{"id":740,"date":"2026-04-29T21:11:54","date_gmt":"2026-04-29T21:11:54","guid":{"rendered":"https:\/\/RadarTamaulipas.info\/?p=740"},"modified":"2026-04-29T22:12:56","modified_gmt":"2026-04-29T22:12:56","slug":"de-los-caminos-de-tierra-al-exito-empresarial-la-historia-de-arecon","status":"publish","type":"post","link":"https:\/\/RadarTamaulipas.info\/?p=740","title":{"rendered":"De los caminos de tierra al \u00e9xito empresarial: La historia de ARECON"},"content":{"rendered":"\n<figure class=\"wp-block-image size-large\"><img loading=\"lazy\" decoding=\"async\" width=\"768\" height=\"1024\" src=\"https:\/\/radartamaulipas.info\/wp-content\/uploads\/2026\/04\/IMG-20260429-WA0004-768x1024.jpg\" alt=\"\" class=\"wp-image-741\" srcset=\"https:\/\/radartamaulipas.info\/wp-content\/uploads\/2026\/04\/IMG-20260429-WA0004-768x1024.jpg 768w, https:\/\/radartamaulipas.info\/wp-content\/uploads\/2026\/04\/IMG-20260429-WA0004-225x300.jpg 225w, https:\/\/radartamaulipas.info\/wp-content\/uploads\/2026\/04\/IMG-20260429-WA0004.jpg 960w\" sizes=\"auto, (max-width: 768px) 100vw, 768px\" \/><\/figure>\n\n\n\n<p>Por:  Alfredo Uvalle <\/p>\n\n\n\n<p>La trayectoria de Francisco Arellano Conde no comenz\u00f3 en una oficina, sino en los caminos polvorientos de los ranchos, a lomo de burro y con la determinaci\u00f3n de quien sabe que el trabajo es el \u00fanico camino al progreso.<\/p>\n\n\n\n<p>El origen: Ingenio y tenacidadSu infancia estuvo marcada por la necesidad, pero tambi\u00e9n por la abundancia de valores. \u00abHab\u00eda carencias, pero nunca falt\u00f3 comida\u00bb, recuerda. Desde muy ni\u00f1o, el emprendimiento le corr\u00eda por las venas: ayudaba a su madre a vender el pan que ella horneaba. Con dos rutas trazadas, recorr\u00eda los ranchos desde las 6 de la ma\u00f1ana hasta las 6 de la tarde, cargando dos colotes con cien piezas cada uno. A sus \u00f3rdenes, el burro conoc\u00eda el camino tan bien que llegaba a los puntos de venta en autom\u00e1tico.<\/p>\n\n\n\n<p><strong>El bolero que so\u00f1aba en grande.<\/strong> Cuando lleg\u00f3 a Soto La Marina, su padre se opon\u00eda a que siguiera estudiando, pero Francisco ten\u00eda otros planes. \u00abT\u00fa d\u00e9jame ah\u00ed, yo me las arreglo\u00bb, le dijo. Y as\u00ed fue. Se convirti\u00f3 en bolero, y no en cualquiera: era \u00abde los buenos\u00bb. Su destreza era tal que incluso le ganaba los clientes a otros boleros del pueblo, y su fama creci\u00f3 tanto que lo buscaban para llevarlo a las bodas en los ranchos, siempre con su caj\u00f3n de bolear a cuestas.<\/p>\n\n\n\n<p>Su primer gran paso como comerciante ocurri\u00f3 gracias a la confianza de un tendero local, quien al notar su honestidad y responsabilidad al pagar la mercanc\u00eda fiada, le prest\u00f3 un peque\u00f1o carret\u00f3n. Con un costal de naranjas, uno de cacahuates, una caja de chicles y su caj\u00f3n de bolear, Francisco recorr\u00eda aquellas calles empedradas. El sonido del carret\u00f3n \u2014la \u00abtracalada\u00bb\u2014 se convirti\u00f3 en la m\u00fasica de su primer \u00e9xito comercial. Aquel hombre le profetiz\u00f3: \u00abPancho, vas a ser un gran comerciante\u00bb. \u00c9l, en ese momento, ni siquiera lo imaginaba.<\/p>\n\n\n\n<p>Disciplina y visi\u00f3nLa disciplina fue su br\u00fajula. En 1962 lleg\u00f3 a Victoria tras obtener una beca en la Escuela T\u00e9cnica Industrial, una instituci\u00f3n militarizada que forj\u00f3 su car\u00e1cter. Posteriormente, su curiosidad lo llev\u00f3 al Tecnol\u00f3gico de Ciudad Madero para estudiar Explotaci\u00f3n Petrolera. Durante cuatro a\u00f1os, vivi\u00f3 las entra\u00f1as del sistema: trabaj\u00f3 en barcazas, plataformas, ca\u00f1ones, pantanos y desiertos, enfrentando desde el calor extremo hasta los 10 grados bajo cero, siempre con la misma entereza.<\/p>\n\n\n\n<p>Su encuentro con el exgobernador Enrique C\u00e1rdenas Gonz\u00e1lez fue el punto de inflexi\u00f3n que lo trajo a Victoria, donde finalmente consolidar\u00eda su visi\u00f3n empresarial y social.<\/p>\n\n\n\n<p>Hoy, al mirar atr\u00e1s, Francisco Arellano Conde no ve solo una empresa o cargos p\u00fablicos; ve el camino de aquel ni\u00f1o que vend\u00eda pan, del joven bolero de Soto La Marina y del trabajador petrolero; un hombre que, a base de honestidad y trabajo duro, demostr\u00f3 que los sue\u00f1os, cuando se acompa\u00f1an de responsabilidad, siempre encuentran su destino.<\/p>\n\n\n\n<p>Una vida dedicada al servicio, la empresa y el desarrollo de Tamaulipas<\/p>\n\n\n\n<p>Empresario, l\u00edder social y protagonista de la vida p\u00fablica en Victoria y la regi\u00f3n, ha consolidado una trayectoria marcada por la responsabilidad social, desde septiembre de 1983, fund\u00f3 \u201cARECON, S.A. de C.V.\u201d, empresa dedicada a materiales hidr\u00e1ulicos y de construcci\u00f3n. Con 43 a\u00f1os de historia, la firma se ha distinguido por operar bajo un modelo de servicio socialmente responsable.<\/p>\n\n\n\n<p>Liderazgo en Instituciones y Transformaci\u00f3n ComunitariaSu labor ha impactado diversos sectores clave:<\/p>\n\n\n\n<p>Cruz Roja Mexicana (Delegaci\u00f3n Victoria): Como Presidente del Consejo Directivo (1996-2000), impuls\u00f3 una transformaci\u00f3n integral que incluy\u00f3 la profesionalizaci\u00f3n con la creaci\u00f3n de la Escuela de T\u00e9cnicos en Urgencias M\u00e9dicas (TUM), la expansi\u00f3n de servicios (consultorios de especialidad, farmacia y hospitalizaci\u00f3n) y la gesti\u00f3n de 10 ambulancias. Su visi\u00f3n trascendi\u00f3 fronteras al visitar la sede mundial de la Cruz Roja en Ginebra, Suiza.<\/p>\n\n\n\n<p>Club Rotario Tamaholipa: Durante sus gestiones como presidente (1994-1995 y 2011-2012), lider\u00f3 proyectos de alto impacto: desde campa\u00f1as de reforestaci\u00f3n y colectas escolares, hasta la gesti\u00f3n de 17.5 millones de pesos para la creaci\u00f3n del Centro Estatal de Capacitaci\u00f3n y Certificaci\u00f3n para Socorristas, consolidando el lema rotario: \u00abDar de s\u00ed, antes de pensar en s\u00ed\u00bb.<\/p>\n\n\n\n<p>Gesti\u00f3n P\u00fablica y Democracia: Fue parte fundamental del primer Consejo Estatal Electoral de Tamaulipas (hoy IETAM, 1995-2000), donde promovi\u00f3 principios de imparcialidad, legalidad y concertaci\u00f3n.<\/p>\n\n\n\n<p>Educaci\u00f3n y Patrimonio: Ha sido un incansable gestor para la dignificaci\u00f3n de espacios educativos, destacando su labor en el Colegio Jos\u00e9 de Escand\u00f3n La Salle y el Jard\u00edn de Ni\u00f1os Decroly. Asimismo, fue pieza clave en el rescate y restauraci\u00f3n del hist\u00f3rico edificio que hoy alberga el Museo Regional de Historia de Tamaulipas.<\/p>\n\n\n\n<p>Visi\u00f3n Ciudadana ActualEn agosto de 2023, reafirm\u00f3 su compromiso con la sociedad civil al asumir como Presidente Fundador (2023-2025) del Consejo de Instituciones Ciudadanos de Victoria, A.C. (CIYCVIC), plataforma desde la cual contin\u00faa impulsando el desarrollo y la participaci\u00f3n ciudadana en la regi\u00f3n.<\/p>\n\n\n\n<p>Disposici\u00f3n al servicio y enfoque en la crisis h\u00eddricaEn un encuentro con representantes de los medios de comunicaci\u00f3n en Ciudad Victoria, el empresario y l\u00edder social, comparti\u00f3 su visi\u00f3n sobre el panorama actual y su disposici\u00f3n a participar en la vida pol\u00edtica local.<\/p>\n\n\n\n<p>Al ser cuestionado sobre posibles aspiraciones para las pr\u00f3ximas elecciones, Arellano Conde se mostr\u00f3 abierto y pragm\u00e1tico. Con la sencillez que lo caracteriza, se\u00f1al\u00f3: \u00abSi alguien me invita, una regidur\u00eda ser\u00eda una excelente plataforma\u00bb.<\/p>\n\n\n\n<p>El agua: Su principal prioridadPara el empresario, el inter\u00e9s por ocupar un cargo p\u00fablico no nace de una ambici\u00f3n partidista, sino de una vocaci\u00f3n t\u00e9cnica y social enfocada en uno de los temas m\u00e1s cr\u00edticos para la capital tamaulipeca: el agua.<\/p>\n\n\n\n<p>\u00abA m\u00ed me gusta mucho el tema del agua. Siempre estoy involucrado, analizando y haciendo cr\u00edticas constructivas porque conozco el sistema h\u00eddrico de Victoria, mi \u00fanico objetivo es contar con un espacio en la mesa de discusi\u00f3n donde pueda aportar soluciones reales a la problem\u00e1tica del suministro y gesti\u00f3n del vital l\u00edquido\u201d, puntualiz\u00f3.<\/p>\n\n\n\n<p>Cualquier trinchera es v\u00e1lida para servirRespecto a una posible afiliaci\u00f3n pol\u00edtica, Arellano Conde fue enf\u00e1tico en que su prioridad es el servicio a la comunidad por encima de las siglas. Al ser consultado sobre por qu\u00e9 partido le gustar\u00eda contender, respondi\u00f3: \u00abPara servir, creo que puede ser cualquier partido. No tengo el inter\u00e9s de decir &#8216;aqu\u00ed estoy por un color&#8217;; mi inter\u00e9s es estar donde se toman las decisiones para ayudar a la gente\u00bb.<\/p>\n\n\n\n<p>Actualmente, el empresario se mantiene como una figura ciudadana independiente, sin militancia partidista, lo que le permite mantener una postura cr\u00edtica y propositiva enfocada exclusivamente en el bienestar de los victorenses.<\/p>\n","protected":false},"excerpt":{"rendered":"<p>Por: Alfredo Uvalle La trayectoria de Francisco Arellano Conde no comenz\u00f3 en una oficina, sino en los caminos<\/p>\n","protected":false},"author":1,"featured_media":0,"comment_status":"open","ping_status":"open","sticky":false,"template":"","format":"standard","meta":{"footnotes":""},"categories":[1],"tags":[],"class_list":["post-740","post","type-post","status-publish","format-standard","hentry","category-tamaulipas"],"_links":{"self":[{"href":"https:\/\/RadarTamaulipas.info\/index.php?rest_route=\/wp\/v2\/posts\/740","targetHints":{"allow":["GET"]}}],"collection":[{"href":"https:\/\/RadarTamaulipas.info\/index.php?rest_route=\/wp\/v2\/posts"}],"about":[{"href":"https:\/\/RadarTamaulipas.info\/index.php?rest_route=\/wp\/v2\/types\/post"}],"author":[{"embeddable":true,"href":"https:\/\/RadarTamaulipas.info\/index.php?rest_route=\/wp\/v2\/users\/1"}],"replies":[{"embeddable":true,"href":"https:\/\/RadarTamaulipas.info\/index.php?rest_route=%2Fwp%2Fv2%2Fcomments&post=740"}],"version-history":[{"count":3,"href":"https:\/\/RadarTamaulipas.info\/index.php?rest_route=\/wp\/v2\/posts\/740\/revisions"}],"predecessor-version":[{"id":746,"href":"https:\/\/RadarTamaulipas.info\/index.php?rest_route=\/wp\/v2\/posts\/740\/revisions\/746"}],"wp:attachment":[{"href":"https:\/\/RadarTamaulipas.info\/index.php?rest_route=%2Fwp%2Fv2%2Fmedia&parent=740"}],"wp:term":[{"taxonomy":"category","embeddable":true,"href":"https:\/\/RadarTamaulipas.info\/index.php?rest_route=%2Fwp%2Fv2%2Fcategories&post=740"},{"taxonomy":"post_tag","embeddable":true,"href":"https:\/\/RadarTamaulipas.info\/index.php?rest_route=%2Fwp%2Fv2%2Ftags&post=740"}],"curies":[{"name":"wp","href":"https:\/\/api.w.org\/{rel}","templated":true}]}}