{"id":747,"date":"2026-04-30T00:24:46","date_gmt":"2026-04-30T00:24:46","guid":{"rendered":"https:\/\/RadarTamaulipas.info\/?p=747"},"modified":"2026-04-30T00:24:47","modified_gmt":"2026-04-30T00:24:47","slug":"refuerza-dif-victoria-proteccion-a-menores-atienden-casos-de-violencia-y-asistencia-juridica","status":"publish","type":"post","link":"https:\/\/RadarTamaulipas.info\/?p=747","title":{"rendered":"Refuerza DIF Victoria protecci\u00f3n a menores: Atienden casos de violencia y asistencia jur\u00eddica"},"content":{"rendered":"\n<figure class=\"wp-block-image size-full\"><img loading=\"lazy\" decoding=\"async\" width=\"859\" height=\"707\" src=\"https:\/\/radartamaulipas.info\/wp-content\/uploads\/2026\/04\/IMG-20260429-WA0014.jpg\" alt=\"\" class=\"wp-image-748\" srcset=\"https:\/\/radartamaulipas.info\/wp-content\/uploads\/2026\/04\/IMG-20260429-WA0014.jpg 859w, https:\/\/radartamaulipas.info\/wp-content\/uploads\/2026\/04\/IMG-20260429-WA0014-300x247.jpg 300w, https:\/\/radartamaulipas.info\/wp-content\/uploads\/2026\/04\/IMG-20260429-WA0014-768x632.jpg 768w\" sizes=\"auto, (max-width: 859px) 100vw, 859px\" \/><\/figure>\n\n\n\n<p>Por: Alfredo Uvalle<\/p>\n\n\n\n<p>Con el objetivo de salvaguardar el bienestar y los derechos fundamentales de la ni\u00f1ez y adolescencia, el DIF Victoria, a trav\u00e9s de su Procuradur\u00eda, mantiene un esquema de atenci\u00f3n integral que combina la intervenci\u00f3n en situaciones de riesgo con la asesor\u00eda legal especializada.<\/p>\n\n\n\n<p>Acci\u00f3n inmediata ante la violenciaCarlos L\u00f3pez Garc\u00eda, Procurador del DIF Victoria, explic\u00f3 que el \u00e1rea de Protecci\u00f3n de Ni\u00f1as, Ni\u00f1os y Adolescentes opera bajo un esquema de guardias permanentes las 24 horas del d\u00eda, los 7 d\u00edas de la semana, en coordinaci\u00f3n con el DIF Tamaulipas, este sistema permite una respuesta \u00e1gil ante reportes recibidos a trav\u00e9s del 911, ya sean denuncias an\u00f3nimas o realizadas por familiares y tutores.<\/p>\n\n\n\n<p>\u00abRealizamos un trabajo coordinado con el DIF Tamaulipas y la Guardia de G\u00e9nero de la Secretar\u00eda de Seguridad P\u00fablica para velar por el inter\u00e9s superior del menor\u00bb, detall\u00f3 L\u00f3pez Garc\u00eda.<\/p>\n\n\n\n<p>El protocolo de actuaci\u00f3n busca siempre la seguridad del infante: primero se intenta localizar a la familia extendida para que el menor permanezca en un entorno conocido mientras se desarrolla el proceso penal contra el agresor. Como medida extrema y \u00faltima instancia, se procede al resguardo en la Casa Hogar del DIF. \u00abLo menos que queremos es llevar a cabo un ingreso, pero cuando es necesario, se hace para proteger al menor\u00bb, enfatiz\u00f3.<\/p>\n\n\n\n<p>Cifras y servicios de asistenciaM\u00e1s all\u00e1 de la atenci\u00f3n a emergencias, la Procuradur\u00eda brinda asesor\u00eda jur\u00eddica en temas de vital importancia para el desarrollo familiar, tales como:<\/p>\n\n\n\n<p>Pensiones alimenticias.Guardia y custodia.Reglas de convivencia.Reconocimientos de paternidad.<\/p>\n\n\n\n<p>Respecto a la incidencia registrada de enero a la fecha, el funcionario report\u00f3 los siguientes datos:<\/p>\n\n\n\n<p>Violencia: Se han atendido alrededor de 12 reportes de violencia f\u00edsica o psicol\u00f3gica contra ni\u00f1as y ni\u00f1os derivados del 911.<\/p>\n\n\n\n<p>Asesor\u00eda Jur\u00eddica: Se han brindado entre 3 y 4 asesoramientos a tutores, mientras que, en el rubro de pensiones alimenticias, la cifra asciende de 15 a 20 casos atendidos.<\/p>\n\n\n\n<p>Con estas acciones, el DIF Victoria reafirma su compromiso de ser un escudo protector para los menores, trabajando no solo en la reacci\u00f3n ante casos de violencia, sino tambi\u00e9n en la consolidaci\u00f3n de los derechos legales que garantizan una vida digna para la infancia victorense.<\/p>\n","protected":false},"excerpt":{"rendered":"<p>Por: Alfredo Uvalle Con el objetivo de salvaguardar el bienestar y los derechos fundamentales de la ni\u00f1ez y<\/p>\n","protected":false},"author":1,"featured_media":0,"comment_status":"open","ping_status":"open","sticky":false,"template":"","format":"standard","meta":{"footnotes":""},"categories":[1],"tags":[],"class_list":["post-747","post","type-post","status-publish","format-standard","hentry","category-tamaulipas"],"_links":{"self":[{"href":"https:\/\/RadarTamaulipas.info\/index.php?rest_route=\/wp\/v2\/posts\/747","targetHints":{"allow":["GET"]}}],"collection":[{"href":"https:\/\/RadarTamaulipas.info\/index.php?rest_route=\/wp\/v2\/posts"}],"about":[{"href":"https:\/\/RadarTamaulipas.info\/index.php?rest_route=\/wp\/v2\/types\/post"}],"author":[{"embeddable":true,"href":"https:\/\/RadarTamaulipas.info\/index.php?rest_route=\/wp\/v2\/users\/1"}],"replies":[{"embeddable":true,"href":"https:\/\/RadarTamaulipas.info\/index.php?rest_route=%2Fwp%2Fv2%2Fcomments&post=747"}],"version-history":[{"count":1,"href":"https:\/\/RadarTamaulipas.info\/index.php?rest_route=\/wp\/v2\/posts\/747\/revisions"}],"predecessor-version":[{"id":749,"href":"https:\/\/RadarTamaulipas.info\/index.php?rest_route=\/wp\/v2\/posts\/747\/revisions\/749"}],"wp:attachment":[{"href":"https:\/\/RadarTamaulipas.info\/index.php?rest_route=%2Fwp%2Fv2%2Fmedia&parent=747"}],"wp:term":[{"taxonomy":"category","embeddable":true,"href":"https:\/\/RadarTamaulipas.info\/index.php?rest_route=%2Fwp%2Fv2%2Fcategories&post=747"},{"taxonomy":"post_tag","embeddable":true,"href":"https:\/\/RadarTamaulipas.info\/index.php?rest_route=%2Fwp%2Fv2%2Ftags&post=747"}],"curies":[{"name":"wp","href":"https:\/\/api.w.org\/{rel}","templated":true}]}}