{"id":750,"date":"2026-04-30T22:08:52","date_gmt":"2026-04-30T22:08:52","guid":{"rendered":"https:\/\/RadarTamaulipas.info\/?p=750"},"modified":"2026-04-30T22:08:53","modified_gmt":"2026-04-30T22:08:53","slug":"el-diputado-juan-carlos-zertuche-celebra-a-la-ninez-de-reynosa","status":"publish","type":"post","link":"https:\/\/RadarTamaulipas.info\/?p=750","title":{"rendered":"El Diputado Juan Carlos Zertuche celebra a la ni\u00f1ez de Reynosa"},"content":{"rendered":"\n<figure class=\"wp-block-image size-full\"><img loading=\"lazy\" decoding=\"async\" width=\"885\" height=\"682\" src=\"https:\/\/radartamaulipas.info\/wp-content\/uploads\/2026\/04\/IMG-20260430-WA0009.jpg\" alt=\"\" class=\"wp-image-751\" srcset=\"https:\/\/radartamaulipas.info\/wp-content\/uploads\/2026\/04\/IMG-20260430-WA0009.jpg 885w, https:\/\/radartamaulipas.info\/wp-content\/uploads\/2026\/04\/IMG-20260430-WA0009-300x231.jpg 300w, https:\/\/radartamaulipas.info\/wp-content\/uploads\/2026\/04\/IMG-20260430-WA0009-768x592.jpg 768w\" sizes=\"auto, (max-width: 885px) 100vw, 885px\" \/><\/figure>\n\n\n\n<p>Por: Redacci\u00f3n <\/p>\n\n\n\n<p>En el marco del D\u00eda de las Ni\u00f1as y los Ni\u00f1os, el diputado del Partido Movimiento Ciudadano (MC),  Juan Carlos Zertuche, visit\u00f3 diversas escuelas de preescolar y primarias de Reynosa, llevando sorpresas y alegr\u00eda a los reyes del hogar. <\/p>\n\n\n\n<p>Durante la jornada, convivi\u00f3 con estudiantes, docentes y padres de familia, reiterando su compromiso de seguir trabajando por una ni\u00f1ez feliz, segura y con m\u00e1s oportunidades.<\/p>\n\n\n\n<p>\u201cHoy celebramos a quienes nos ense\u00f1an a so\u00f1ar en grande y disfrutar lo sencillo, por eso ni\u00f1os, les pido que jam\u00e1s dejen de so\u00f1ar para que puedan alcanzar sus metas\u201d, expres\u00f3.<\/p>\n\n\n\n<p>Zertuche adelant\u00f3 que continuar\u00e1 recorriendo colonias y tianguis este fin de semana para seguir regalando sonrisas y fortaleciendo la cercan\u00eda con las familias reynosenses.<\/p>\n\n\n\n<p>A este festejo por distintas instituciones educativas, acompa\u00f1aron al diputado naranja, su esposa, Susy Garc\u00eda; Braulio Barr\u00f3n, l\u00edder de j\u00f3venes y Francisco Tays de gesti\u00f3n m\u00e9dica.<\/p>\n\n\n\n<p><\/p>\n","protected":false},"excerpt":{"rendered":"<p>Por: Redacci\u00f3n En el marco del D\u00eda de las Ni\u00f1as y los Ni\u00f1os, el diputado del Partido Movimiento<\/p>\n","protected":false},"author":1,"featured_media":0,"comment_status":"open","ping_status":"open","sticky":false,"template":"","format":"standard","meta":{"footnotes":""},"categories":[1],"tags":[],"class_list":["post-750","post","type-post","status-publish","format-standard","hentry","category-tamaulipas"],"_links":{"self":[{"href":"https:\/\/RadarTamaulipas.info\/index.php?rest_route=\/wp\/v2\/posts\/750","targetHints":{"allow":["GET"]}}],"collection":[{"href":"https:\/\/RadarTamaulipas.info\/index.php?rest_route=\/wp\/v2\/posts"}],"about":[{"href":"https:\/\/RadarTamaulipas.info\/index.php?rest_route=\/wp\/v2\/types\/post"}],"author":[{"embeddable":true,"href":"https:\/\/RadarTamaulipas.info\/index.php?rest_route=\/wp\/v2\/users\/1"}],"replies":[{"embeddable":true,"href":"https:\/\/RadarTamaulipas.info\/index.php?rest_route=%2Fwp%2Fv2%2Fcomments&post=750"}],"version-history":[{"count":1,"href":"https:\/\/RadarTamaulipas.info\/index.php?rest_route=\/wp\/v2\/posts\/750\/revisions"}],"predecessor-version":[{"id":752,"href":"https:\/\/RadarTamaulipas.info\/index.php?rest_route=\/wp\/v2\/posts\/750\/revisions\/752"}],"wp:attachment":[{"href":"https:\/\/RadarTamaulipas.info\/index.php?rest_route=%2Fwp%2Fv2%2Fmedia&parent=750"}],"wp:term":[{"taxonomy":"category","embeddable":true,"href":"https:\/\/RadarTamaulipas.info\/index.php?rest_route=%2Fwp%2Fv2%2Fcategories&post=750"},{"taxonomy":"post_tag","embeddable":true,"href":"https:\/\/RadarTamaulipas.info\/index.php?rest_route=%2Fwp%2Fv2%2Ftags&post=750"}],"curies":[{"name":"wp","href":"https:\/\/api.w.org\/{rel}","templated":true}]}}