{"id":753,"date":"2026-04-30T23:33:37","date_gmt":"2026-04-30T23:33:37","guid":{"rendered":"https:\/\/RadarTamaulipas.info\/?p=753"},"modified":"2026-04-30T23:33:38","modified_gmt":"2026-04-30T23:33:38","slug":"mas-de-3-mil-estudiantes-celebraran-aniversario-de-la-fnerrr-y-de-las-casas-del-estudiante-en-puebla","status":"publish","type":"post","link":"https:\/\/RadarTamaulipas.info\/?p=753","title":{"rendered":"M\u00e1s de 3 mil estudiantes celebrar\u00e1n aniversario de la FNERRR y de las casas del estudiante en Puebla"},"content":{"rendered":"\n<figure class=\"wp-block-image size-full\"><img loading=\"lazy\" decoding=\"async\" width=\"845\" height=\"651\" src=\"https:\/\/radartamaulipas.info\/wp-content\/uploads\/2026\/04\/IMG-20260430-WA0011.jpg\" alt=\"\" class=\"wp-image-754\" srcset=\"https:\/\/radartamaulipas.info\/wp-content\/uploads\/2026\/04\/IMG-20260430-WA0011.jpg 845w, https:\/\/radartamaulipas.info\/wp-content\/uploads\/2026\/04\/IMG-20260430-WA0011-300x231.jpg 300w, https:\/\/radartamaulipas.info\/wp-content\/uploads\/2026\/04\/IMG-20260430-WA0011-768x592.jpg 768w\" sizes=\"auto, (max-width: 845px) 100vw, 845px\" \/><\/figure>\n\n\n\n<p>.*Frente a la crisis educativa, la FNERRR alza la voz mediante un evento pol\u00edtico-cultural <\/p>\n\n\n\n<p>Ciudad Victoria, Tamaulipas.<\/p>\n\n\n\n<p> &#8211; La Federaci\u00f3n Nacional de Estudiantes Revolucionarios \u201cRafael Ram\u00edrez\u201d (FNERRR) anunci\u00f3 la conmemoraci\u00f3n del 45 aniversario de las casas del estudiante en el estado de Puebla y el 27 aniversario de la Federaci\u00f3n, mediante la realizaci\u00f3n de un evento pol\u00edtico-cultural que tendr\u00e1 lugar el pr\u00f3ximo 2 de mayo de 2026 en el Centro Cultural Universitario, en el estado de Puebla, donde se dar\u00e1n cita m\u00e1s de 3 mil estudiantes provenientes de distintas entidades del pa\u00eds.<\/p>\n\n\n\n<p>Karely Trevi\u00f1o Gonz\u00e1lez l\u00edder estatal de la FNERRR, mencion\u00f3 que la organizaci\u00f3n ha logrado, a lo largo de sus a\u00f1os de existencia, la construcci\u00f3n de cientos de aulas, decenas de laboratorios, casas del estudiante en pr\u00e1cticamente todas las entidades y la gesti\u00f3n de becas estudiantiles. Adem\u00e1s, ha organizado y realizado miles de actividades culturales, deportivas y acad\u00e9micas que fortalecen la formaci\u00f3n integral de la juventud y, con ello, \u201cluchar por una educaci\u00f3n cr\u00edtica, cient\u00edfica y popular\u201d.<\/p>\n\n\n\n<p>Sin embargo, el sistema educativo se encuentra en crisis y sin propuestas claras de soluci\u00f3n a estos problemas. De acuerdo con el Instituto Mexicano para la Competitividad (IMCO), el 30 % de las escuelas del pa\u00eds no garantiza el acceso al agua potable y uno de cada cinco planteles de educaci\u00f3n b\u00e1sica carece de electricidad, lo que evidencia condiciones materiales deficientes para el desarrollo de las actividades acad\u00e9micas. A ello se suma lo se\u00f1alado por la Organizaci\u00f3n de las Naciones Unidas para la Educaci\u00f3n, la Ciencia y la Cultura (UNESCO), que advierte la falta de avances significativos en la comprensi\u00f3n lectora de los estudiantes que concluyen la educaci\u00f3n primaria.<\/p>\n\n\n\n<p>Al respecto, Karely Trevi\u00f1o se\u00f1al\u00f3 que estas cifras \u201cconfirman el abandono en el que se encuentra la educaci\u00f3n p\u00fablica en M\u00e9xico, donde millones de estudiantes asisten diariamente a escuelas sin las condiciones m\u00ednimas para aprender dignamente\u201d. Asimismo, destac\u00f3 que \u201cno se puede hablar de calidad educativa cuando ni siquiera se garantiza infraestructura b\u00e1sica ni herramientas elementales para el aprendizaje de la ni\u00f1ez y las juventudes\u201d.<\/p>\n\n\n\n<p>Estos indicadores reflejan el abandono hist\u00f3rico del sector educativo, situaci\u00f3n que podr\u00eda confirmarse nuevamente con los resultados de la prueba PISA 2025, los cuales ser\u00e1n publicados en diciembre de 2026. En evaluaciones anteriores, M\u00e9xico ha registrado niveles de desempe\u00f1o por debajo del promedio internacional en \u00e1reas clave como lectura, matem\u00e1ticas y ciencias.<\/p>\n\n\n\n<p>En este sentido, Trevi\u00f1o advirti\u00f3 que \u201clos resultados de PISA no deben sorprendernos si no se atienden las causas estructurales del rezago educativo, como la pobreza, la falta de inversi\u00f3n y la desigualdad social que afecta a millones de j\u00f3venes en el pa\u00eds\u201d.<\/p>\n\n\n\n<p>Ante este panorama, la FNERRR destac\u00f3 que, a lo largo de sus 27 a\u00f1os de existencia, ha mantenido una lucha constante por mejorar las condiciones educativas de miles de j\u00f3venes mexicanos. La organizaci\u00f3n ha impulsado la gesti\u00f3n de infraestructura escolar, becas para todos los estudiantes y espacios que permitan a los estudiantes de escasos recursos continuar con sus estudios.<\/p>\n\n\n\n<p>La dirigente afirm\u00f3 que \u201cla organizaci\u00f3n estudiantil ha sido clave para conquistar espacios como las casas del estudiante, que hoy representan una oportunidad real para miles de j\u00f3venes que, de otro modo, tendr\u00edan que abandonar sus estudios\u201d. Actualmente, la Federaci\u00f3n cuenta con 64 casas del estudiante en todo el pa\u00eds, espacios que permiten a los estudiantes concluir sus estudios; son espacios accesibles y con las condiciones necesarias para que los j\u00f3venes puedan finalizar una carrera universitaria.<\/p>\n\n\n\n<p>En este sentido, las casas del estudiante en Puebla representan uno de los logros m\u00e1s importantes de la organizaci\u00f3n. Durante 45 a\u00f1os, estos espacios han permitido que j\u00f3venes provenientes de sectores vulnerables contin\u00faen sus estudios de nivel medio superior y superior, al brindar alojamiento y condiciones adecuadas para su formaci\u00f3n acad\u00e9mica. Asimismo, fomentan una educaci\u00f3n integral basada en la ciencia, la cultura y el deporte.<\/p>\n\n\n\n<p>Karely Trevi\u00f1o hizo un llamado a la juventud: \u201cInvitamos a todos los estudiantes del pa\u00eds a sumarse a la FNERRR para que luchemos juntos por una mejor educaci\u00f3n en nuestro pa\u00eds, que hoy en d\u00eda se encuentra con demasiadas carencias\u201d.<\/p>\n\n\n\n<p>Este 2 de mayo, los estudiantes organizados desarrollar\u00e1n diversas actividades culturales, como presentaciones de danza, poes\u00eda y m\u00fasica, reafirmando su compromiso con la lucha por mejores condiciones educativas. Al evento acudir\u00e1 el secretario general del Movimiento Antorchista Nacional, el ingeniero Aquiles C\u00f3rdova Mor\u00e1n, quien ha sido una figura destacada en la formaci\u00f3n pol\u00edtica de los estudiantes y que, en su juventud, tambi\u00e9n form\u00f3 parte del movimiento estudiantil en M\u00e9xico.<\/p>\n\n\n\n<p>\u201cDichas actividades son una muestra del papel fundamental que desempe\u00f1an los j\u00f3venes adheridos a la FNERRR, cuya tarea principal es contribuir a la formaci\u00f3n integral de los estudiantes mediante el estudio sistem\u00e1tico de la ciencia, la promoci\u00f3n de la cultura y la pr\u00e1ctica del deporte, como elementos esenciales para el desarrollo de una juventud cr\u00edtica y comprometida con la transformaci\u00f3n de la sociedad\u201d, finaliz\u00f3 Karely Trevi\u00f1o.<\/p>\n","protected":false},"excerpt":{"rendered":"<p>.*Frente a la crisis educativa, la FNERRR alza la voz mediante un evento pol\u00edtico-cultural Ciudad Victoria, Tamaulipas. &#8211;<\/p>\n","protected":false},"author":1,"featured_media":0,"comment_status":"open","ping_status":"open","sticky":false,"template":"","format":"standard","meta":{"footnotes":""},"categories":[1],"tags":[],"class_list":["post-753","post","type-post","status-publish","format-standard","hentry","category-tamaulipas"],"_links":{"self":[{"href":"https:\/\/RadarTamaulipas.info\/index.php?rest_route=\/wp\/v2\/posts\/753","targetHints":{"allow":["GET"]}}],"collection":[{"href":"https:\/\/RadarTamaulipas.info\/index.php?rest_route=\/wp\/v2\/posts"}],"about":[{"href":"https:\/\/RadarTamaulipas.info\/index.php?rest_route=\/wp\/v2\/types\/post"}],"author":[{"embeddable":true,"href":"https:\/\/RadarTamaulipas.info\/index.php?rest_route=\/wp\/v2\/users\/1"}],"replies":[{"embeddable":true,"href":"https:\/\/RadarTamaulipas.info\/index.php?rest_route=%2Fwp%2Fv2%2Fcomments&post=753"}],"version-history":[{"count":1,"href":"https:\/\/RadarTamaulipas.info\/index.php?rest_route=\/wp\/v2\/posts\/753\/revisions"}],"predecessor-version":[{"id":755,"href":"https:\/\/RadarTamaulipas.info\/index.php?rest_route=\/wp\/v2\/posts\/753\/revisions\/755"}],"wp:attachment":[{"href":"https:\/\/RadarTamaulipas.info\/index.php?rest_route=%2Fwp%2Fv2%2Fmedia&parent=753"}],"wp:term":[{"taxonomy":"category","embeddable":true,"href":"https:\/\/RadarTamaulipas.info\/index.php?rest_route=%2Fwp%2Fv2%2Fcategories&post=753"},{"taxonomy":"post_tag","embeddable":true,"href":"https:\/\/RadarTamaulipas.info\/index.php?rest_route=%2Fwp%2Fv2%2Ftags&post=753"}],"curies":[{"name":"wp","href":"https:\/\/api.w.org\/{rel}","templated":true}]}}